{"id":7210,"date":"2016-11-01T11:36:33","date_gmt":"2016-11-01T09:36:33","guid":{"rendered":"http:\/\/cnprsv.ro\/?p=7210"},"modified":"2024-10-11T15:41:58","modified_gmt":"2024-10-11T13:41:58","slug":"lectorat-cu-parintii","status":"publish","type":"post","link":"https:\/\/cnprsv.ro\/?p=7210","title":{"rendered":"Lectorat cu p\u0103rin\u021bii"},"content":{"rendered":"<p>MIERCURI, 2 NOIEMBRIE 2016, ORA 18, \u00ceN AULA \u0218COLII ARE LOC PRIMUL LECTORAT CU P\u0102RIN\u021aII DIN ACEST AN \u0218COLAR, \u00ceN CADRUL PARTENERIATULUI EDUCA\u021aIONAL <em>\u201d\u0218COALA P\u0102RIN\u021aILOR\u201d<\/em>. Sunt invita\u021bi s\u0103 participe to\u021bi p\u0103rin\u021bii elevilor CNPR interesa\u021bi de tematica de mai jos.<\/p>\n<p>1.\u201d<em>Responsabilizare prin participare\u201d<\/em> \u2013 proiect educativ al cabinetului de consiliere \u0219i asisten\u021b\u0103 psihopedagogic\u0103<\/p>\n<p>Activit\u0103\u021bile proiectului implic\u0103 at\u00e2t elevi, c\u00e2t \u0219i p\u0103rin\u021bi \u0219i se vor derula pe tot parcursul anului \u0219colar 2016-2017. \u00cen cadrul acestui proiect pute\u021bi participa la conferin\u021be, prezent\u0103ri, seminarii, mese rotunde, focus-grupuri etc. Miercuri, 2 noiembrie, are loc prima activitate din \u00a0proiect \u2013 prezentare cu tema \u201d<em>Aspecte specifice v\u00e2rstei adolescen\u021bei \u0219i strategii de responsabilizare\u201d<\/em> \u2013 prezint\u0103 consilier prof. Raluca B\u0102DELI\u021a\u0102. Deoarece la finalul prezent\u0103rii ve\u021bi fi solicita\u021bi s\u0103 completa\u021bi un chestionar, v\u0103 rug\u0103m s\u0103 ave\u021bi la dvs. un instrument de scris.<\/p>\n<p>2.Noi proiecte interna\u021bionale ale \u0219colii \u2013 <em>\u201dNew Energy for New European Citizens\u201d<\/em> \u2013 proiect Erasmus+ &#8211; prezint\u0103 prof. Anca GRECULEAC, responsabil cu proiectele \u0219i parteneriatele \u0219colii<\/p>\n<p>3.Raport asupra calit\u0103\u021bii actului educa\u021bional \u00een CNPR \u00een anul \u0219colar 2015-2016 \u2013 prezint\u0103 dir. adj. prof. Anca GRECULEAC<\/p>\n<p>4.Asocia\u021bia p\u0103rin\u021bilor elevilor CNPR <em>EXCELPIOR<\/em> \u2013 prezint\u0103 ec. Luiza ROBCIUC, pre\u0219edinte EXCELPIOR<\/p>\n<p><a href=\"https:\/\/cnprsv.ro\/wp-content\/uploads\/2016\/11\/Scoala-parintilor.jpg\" rel=\"lightbox[7210]\"><img loading=\"lazy\" decoding=\"async\" class=\"alignright  wp-image-7248\" src=\"https:\/\/cnprsv.ro\/wp-content\/uploads\/2016\/11\/Scoala-parintilor.jpg\" alt=\"Scoala parintilor\" width=\"133\" height=\"132\" srcset=\"https:\/\/cnprsv.ro\/wp-content\/uploads\/2016\/11\/Scoala-parintilor.jpg 500w, https:\/\/cnprsv.ro\/wp-content\/uploads\/2016\/11\/Scoala-parintilor-150x150.jpg 150w, https:\/\/cnprsv.ro\/wp-content\/uploads\/2016\/11\/Scoala-parintilor-300x298.jpg 300w\" sizes=\"auto, (max-width: 133px) 100vw, 133px\" \/><\/a><\/p>\n","protected":false},"excerpt":{"rendered":"<p>MIERCURI, 2 NOIEMBRIE 2016, ORA 18, \u00ceN AULA \u0218COLII ARE LOC PRIMUL LECTORAT CU P\u0102RIN\u021aII DIN ACEST AN \u0218COLAR, \u00ceN CADRUL PARTENERIATULUI EDUCA\u021aIONAL \u201d\u0218COALA P\u0102RIN\u021aILOR\u201d. Sunt invita\u021bi s\u0103 participe to\u021bi p\u0103rin\u021bii elevilor CNPR interesa\u021bi de tematica de mai jos. 1.\u201dResponsabilizare<\/p>\n<div class=\"entry-read-more\"><a class=\"read-more-link\" href=\"https:\/\/cnprsv.ro\/?p=7210\">Read More<span class=\"cleanwp-sr-only\">  Lectorat cu p\u0103rin\u021bii<\/span><\/a><\/div>\n","protected":false},"author":1,"featured_media":0,"comment_status":"closed","ping_status":"open","sticky":false,"template":"","format":"standard","meta":{"_editorskit_title_hidden":false,"_editorskit_reading_time":0,"_editorskit_is_block_options_detached":false,"_editorskit_block_options_position":"{}","footnotes":""},"categories":[1],"tags":[],"class_list":["post-7210","post","type-post","status-publish","format-standard","hentry","category-uncategorized","wpcat-1-id"],"_links":{"self":[{"href":"https:\/\/cnprsv.ro\/index.php?rest_route=\/wp\/v2\/posts\/7210","targetHints":{"allow":["GET"]}}],"collection":[{"href":"https:\/\/cnprsv.ro\/index.php?rest_route=\/wp\/v2\/posts"}],"about":[{"href":"https:\/\/cnprsv.ro\/index.php?rest_route=\/wp\/v2\/types\/post"}],"author":[{"embeddable":true,"href":"https:\/\/cnprsv.ro\/index.php?rest_route=\/wp\/v2\/users\/1"}],"replies":[{"embeddable":true,"href":"https:\/\/cnprsv.ro\/index.php?rest_route=%2Fwp%2Fv2%2Fcomments&post=7210"}],"version-history":[{"count":2,"href":"https:\/\/cnprsv.ro\/index.php?rest_route=\/wp\/v2\/posts\/7210\/revisions"}],"predecessor-version":[{"id":7249,"href":"https:\/\/cnprsv.ro\/index.php?rest_route=\/wp\/v2\/posts\/7210\/revisions\/7249"}],"wp:attachment":[{"href":"https:\/\/cnprsv.ro\/index.php?rest_route=%2Fwp%2Fv2%2Fmedia&parent=7210"}],"wp:term":[{"taxonomy":"category","embeddable":true,"href":"https:\/\/cnprsv.ro\/index.php?rest_route=%2Fwp%2Fv2%2Fcategories&post=7210"},{"taxonomy":"post_tag","embeddable":true,"href":"https:\/\/cnprsv.ro\/index.php?rest_route=%2Fwp%2Fv2%2Ftags&post=7210"}],"curies":[{"name":"wp","href":"https:\/\/api.w.org\/{rel}","templated":true}]}}