{"id":7393,"date":"2016-11-28T19:57:01","date_gmt":"2016-11-28T17:57:01","guid":{"rendered":"http:\/\/cnprsv.ro\/?p=7393"},"modified":"2024-10-11T15:41:58","modified_gmt":"2024-10-11T13:41:58","slug":"festivitate-francofona","status":"publish","type":"post","link":"https:\/\/cnprsv.ro\/?p=7393","title":{"rendered":"Festivitate francofon\u0103"},"content":{"rendered":"<p>Miercuri, 7 decembrie 2016, la ora 16.00 ,\u00een aula Colegiului va avea loc ceremonia de decernare a distinc\u021biei <em>Label France Education<\/em> Colegiului \u201dPetru Rare\u0219.<span class=\"text_exposed_show\"><br \/>\n<em>Label France Education<\/em> este o marc\u0103 de calitate atribuit\u0103 de ministerul francez al afacerilor externe, dup\u0103 avizul unei comisii consultative interministeriale, compuse din reprezentan\u021bi ai Ministerului Afacerilor Externe, Ministerului Educa\u021biei Na\u021bionale, Agen\u0163iei pentru \u00cenv\u0103\u0163\u0103m\u00e2nt Francez \u00een Str\u0103in\u0103tate \u015fi Misiunii Laice Franceze institu\u0163iilor \u015fcolare str\u0103ine care asigur\u0103, \u00een afara grani\u021belor Fran\u021bei \u0219i \u00een cadrul propriului sistem de \u00eenv\u0103\u0163\u0103m\u00e2nt na\u0163ional, un \u00eenv\u0103\u0163\u0103m\u00e2nt bilingv francofon de excelen\u0163\u0103.<br \/>\nInstitu\u0163iile <em>Label France Education<\/em> formeaz\u0103 o re\u021bea r\u0103sp\u00e2ndit\u0103 \u00een lumea \u00eentreag\u0103 ce cuprinde 99 institu\u021bii \u0219colare.<\/span><\/p>\n<div class=\"text_exposed_show\">\n<p>Vom fi onora\u021bi de prezen\u021ba directorului Institutului Francez din Rom\u00e2nia, domnul Christophe Gigaudaut, a directorului Institutului Francez din Ia\u0219i, domnul Vincent Lorenzini, \u00eenso\u021bi\u021bi de lectorul de limb\u0103 francez\u0103 de la Universitatea Al. I. Cuza\u201d din Ia\u0219i \u0219i de doi reprezentan\u021bi Institutului Francez din Ia\u0219i.<br \/>\nBucuria\u00a0noastr\u0103 va fi \u0219i mai mare dac\u0103, al\u0103turi de noi \u0219i de actualii elevi ai sec\u021biei bilingve rom\u00e2n\u0103-francez\u0103, de profesorii francofoni \u0219i francofili, se vor afla \u0219i p\u0103rin\u021bi \u0219i absolven\u021bi ai sec\u021biei francofone.<a href=\"https:\/\/cnprsv.ro\/wp-content\/uploads\/2016\/11\/Label-sigla.jpg\" rel=\"lightbox[7393]\"><img loading=\"lazy\" decoding=\"async\" class=\"alignright size-full wp-image-7394\" src=\"https:\/\/cnprsv.ro\/wp-content\/uploads\/2016\/11\/Label-sigla.jpg\" alt=\"Label sigla\" width=\"225\" height=\"225\" srcset=\"https:\/\/cnprsv.ro\/wp-content\/uploads\/2016\/11\/Label-sigla.jpg 225w, https:\/\/cnprsv.ro\/wp-content\/uploads\/2016\/11\/Label-sigla-150x150.jpg 150w\" sizes=\"auto, (max-width: 225px) 100vw, 225px\" \/><\/a><\/p>\n<\/div>\n","protected":false},"excerpt":{"rendered":"<p>Miercuri, 7 decembrie 2016, la ora 16.00 ,\u00een aula Colegiului va avea loc ceremonia de decernare a distinc\u021biei Label France Education Colegiului \u201dPetru Rare\u0219. Label France Education este o marc\u0103 de calitate atribuit\u0103 de ministerul francez al afacerilor externe, dup\u0103<\/p>\n<div class=\"entry-read-more\"><a class=\"read-more-link\" href=\"https:\/\/cnprsv.ro\/?p=7393\">Read More<span class=\"cleanwp-sr-only\">  Festivitate francofon\u0103<\/span><\/a><\/div>\n","protected":false},"author":1,"featured_media":0,"comment_status":"closed","ping_status":"open","sticky":false,"template":"","format":"standard","meta":{"_editorskit_title_hidden":false,"_editorskit_reading_time":0,"_editorskit_is_block_options_detached":false,"_editorskit_block_options_position":"{}","footnotes":""},"categories":[1],"tags":[],"class_list":["post-7393","post","type-post","status-publish","format-standard","hentry","category-uncategorized","wpcat-1-id"],"_links":{"self":[{"href":"https:\/\/cnprsv.ro\/index.php?rest_route=\/wp\/v2\/posts\/7393","targetHints":{"allow":["GET"]}}],"collection":[{"href":"https:\/\/cnprsv.ro\/index.php?rest_route=\/wp\/v2\/posts"}],"about":[{"href":"https:\/\/cnprsv.ro\/index.php?rest_route=\/wp\/v2\/types\/post"}],"author":[{"embeddable":true,"href":"https:\/\/cnprsv.ro\/index.php?rest_route=\/wp\/v2\/users\/1"}],"replies":[{"embeddable":true,"href":"https:\/\/cnprsv.ro\/index.php?rest_route=%2Fwp%2Fv2%2Fcomments&post=7393"}],"version-history":[{"count":1,"href":"https:\/\/cnprsv.ro\/index.php?rest_route=\/wp\/v2\/posts\/7393\/revisions"}],"predecessor-version":[{"id":7395,"href":"https:\/\/cnprsv.ro\/index.php?rest_route=\/wp\/v2\/posts\/7393\/revisions\/7395"}],"wp:attachment":[{"href":"https:\/\/cnprsv.ro\/index.php?rest_route=%2Fwp%2Fv2%2Fmedia&parent=7393"}],"wp:term":[{"taxonomy":"category","embeddable":true,"href":"https:\/\/cnprsv.ro\/index.php?rest_route=%2Fwp%2Fv2%2Fcategories&post=7393"},{"taxonomy":"post_tag","embeddable":true,"href":"https:\/\/cnprsv.ro\/index.php?rest_route=%2Fwp%2Fv2%2Ftags&post=7393"}],"curies":[{"name":"wp","href":"https:\/\/api.w.org\/{rel}","templated":true}]}}