{"id":7630,"date":"2017-03-20T15:35:19","date_gmt":"2017-03-20T13:35:19","guid":{"rendered":"http:\/\/cnprsv.ro\/?p=7630"},"modified":"2024-10-11T15:41:06","modified_gmt":"2024-10-11T13:41:06","slug":"ziua-internationala-a-francofoniei-la-cnpr","status":"publish","type":"post","link":"https:\/\/cnprsv.ro\/?p=7630","title":{"rendered":"ZIUA INTERNA\u021aIONAL\u0102 A FRANCOFONIEI LA CNPR"},"content":{"rendered":"<p>Ast\u0103zi, 20 martie, elevii Colegiului Na\u021bional \u201dPetru Rare\u0219\u201d au celebrat <em>Ziua Interna\u021bional\u0103 a Francofoniei<\/em>. Elevi ai claselor bilingve de francez\u0103 (\u0219i nu numai) ne-au \u00eenc\u00e2ntat cu melodii superbe, dar \u0219i cu prezent\u0103ri interesante, \u00een limba francez\u0103.<\/p>\n<p>Au c\u00e2ntat George Martiniuc din clasa a IX-a F \u2013 aria <em>Pourquoi me r\u00e9veiller<\/em> din opera <em>Werther<\/em> de Jules Massenet \u2013 \u0219i Andreea G\u00e2ng\u0103 din clasa a IX-a A \u2013 <em>L\u2019oiseau et l\u2019enfant<\/em> .<\/p>\n<p>Atena Ignat din clasa a IX-a A a prezentat importan\u021ba cunoa\u0219terii limbii franceze, precum \u0219i domeniile \u00een care este util\u0103.<\/p>\n<p>Alexandra Florea din clasa a XI-a A ne-a introdus \u00een atmosfera examenului DELF,\u00a0 \u00eemp\u0103rt\u0103\u0219indu-ne emo\u021biile acestuia, dar \u0219i bucuria succesului.<\/p>\n<p>\u00cen final, Laura Niculi\u021b\u0103 din clasa a XII-a H a prezentat, \u00een limba francez\u0103, tradi\u021biile \u0219i obiceiurile din comuna Com\u0103ne\u0219ti, desemnat\u0103 \u00een anul 2014 <em>Satul cultural al Rom\u00e2niei<\/em>.<\/p>\n<p><em>\u00a0<\/em><\/p>\n<p><em>Paula Corduneanu<\/em><\/p>\n<p><em>Clasa a IX-a F<\/em><\/p>\n<p>&nbsp;<\/p>\n<div id='gallery-1' class='gallery galleryid-7630 gallery-columns-3 gallery-size-thumbnail'><figure class='gallery-item'>\n\t\t\t<div class='gallery-icon landscape'>\n\t\t\t\t<a href='https:\/\/cnprsv.ro\/?attachment_id=3366'><img loading=\"lazy\" decoding=\"async\" width=\"150\" height=\"150\" src=\"https:\/\/cnprsv.ro\/wp-content\/uploads\/2011\/03\/tort_ziua_francofoniei-150x150.jpg\" class=\"attachment-thumbnail size-thumbnail\" alt=\"\" \/><\/a>\n\t\t\t<\/div><\/figure><figure class='gallery-item'>\n\t\t\t<div class='gallery-icon landscape'>\n\t\t\t\t<a href='https:\/\/cnprsv.ro\/?attachment_id=7635'><img loading=\"lazy\" decoding=\"async\" width=\"150\" height=\"150\" src=\"https:\/\/cnprsv.ro\/wp-content\/uploads\/2017\/03\/Foto-1-150x150.jpg\" class=\"attachment-thumbnail size-thumbnail\" alt=\"\" \/><\/a>\n\t\t\t<\/div><\/figure><figure class='gallery-item'>\n\t\t\t<div class='gallery-icon landscape'>\n\t\t\t\t<a href='https:\/\/cnprsv.ro\/?attachment_id=7636'><img loading=\"lazy\" decoding=\"async\" width=\"150\" height=\"150\" src=\"https:\/\/cnprsv.ro\/wp-content\/uploads\/2017\/03\/Foto-2-150x150.jpg\" class=\"attachment-thumbnail size-thumbnail\" alt=\"\" \/><\/a>\n\t\t\t<\/div><\/figure><figure class='gallery-item'>\n\t\t\t<div class='gallery-icon landscape'>\n\t\t\t\t<a href='https:\/\/cnprsv.ro\/?attachment_id=7637'><img loading=\"lazy\" decoding=\"async\" width=\"150\" height=\"150\" src=\"https:\/\/cnprsv.ro\/wp-content\/uploads\/2017\/03\/Foto-3-150x150.jpg\" class=\"attachment-thumbnail size-thumbnail\" alt=\"\" \/><\/a>\n\t\t\t<\/div><\/figure><figure class='gallery-item'>\n\t\t\t<div class='gallery-icon landscape'>\n\t\t\t\t<a href='https:\/\/cnprsv.ro\/?attachment_id=7638'><img loading=\"lazy\" decoding=\"async\" width=\"150\" height=\"150\" src=\"https:\/\/cnprsv.ro\/wp-content\/uploads\/2017\/03\/Foto-4-150x150.jpg\" class=\"attachment-thumbnail size-thumbnail\" alt=\"\" \/><\/a>\n\t\t\t<\/div><\/figure>\n\t\t<\/div>\n\n<p>&nbsp;<\/p>\n","protected":false},"excerpt":{"rendered":"<p>Ast\u0103zi, 20 martie, elevii Colegiului Na\u021bional \u201dPetru Rare\u0219\u201d au celebrat Ziua Interna\u021bional\u0103 a Francofoniei. Elevi ai claselor bilingve de francez\u0103 (\u0219i nu numai) ne-au \u00eenc\u00e2ntat cu melodii superbe, dar \u0219i cu prezent\u0103ri interesante, \u00een limba francez\u0103. Au c\u00e2ntat George Martiniuc<\/p>\n<div class=\"entry-read-more\"><a class=\"read-more-link\" href=\"https:\/\/cnprsv.ro\/?p=7630\">Read More<span class=\"cleanwp-sr-only\">  ZIUA INTERNA\u021aIONAL\u0102 A FRANCOFONIEI LA CNPR<\/span><\/a><\/div>\n","protected":false},"author":1,"featured_media":0,"comment_status":"closed","ping_status":"open","sticky":false,"template":"","format":"standard","meta":{"_editorskit_title_hidden":false,"_editorskit_reading_time":0,"_editorskit_is_block_options_detached":false,"_editorskit_block_options_position":"{}","footnotes":""},"categories":[1],"tags":[],"class_list":["post-7630","post","type-post","status-publish","format-standard","hentry","category-uncategorized","wpcat-1-id"],"_links":{"self":[{"href":"https:\/\/cnprsv.ro\/index.php?rest_route=\/wp\/v2\/posts\/7630","targetHints":{"allow":["GET"]}}],"collection":[{"href":"https:\/\/cnprsv.ro\/index.php?rest_route=\/wp\/v2\/posts"}],"about":[{"href":"https:\/\/cnprsv.ro\/index.php?rest_route=\/wp\/v2\/types\/post"}],"author":[{"embeddable":true,"href":"https:\/\/cnprsv.ro\/index.php?rest_route=\/wp\/v2\/users\/1"}],"replies":[{"embeddable":true,"href":"https:\/\/cnprsv.ro\/index.php?rest_route=%2Fwp%2Fv2%2Fcomments&post=7630"}],"version-history":[{"count":2,"href":"https:\/\/cnprsv.ro\/index.php?rest_route=\/wp\/v2\/posts\/7630\/revisions"}],"predecessor-version":[{"id":7644,"href":"https:\/\/cnprsv.ro\/index.php?rest_route=\/wp\/v2\/posts\/7630\/revisions\/7644"}],"wp:attachment":[{"href":"https:\/\/cnprsv.ro\/index.php?rest_route=%2Fwp%2Fv2%2Fmedia&parent=7630"}],"wp:term":[{"taxonomy":"category","embeddable":true,"href":"https:\/\/cnprsv.ro\/index.php?rest_route=%2Fwp%2Fv2%2Fcategories&post=7630"},{"taxonomy":"post_tag","embeddable":true,"href":"https:\/\/cnprsv.ro\/index.php?rest_route=%2Fwp%2Fv2%2Ftags&post=7630"}],"curies":[{"name":"wp","href":"https:\/\/api.w.org\/{rel}","templated":true}]}}