{"id":8006,"date":"2017-06-12T11:56:16","date_gmt":"2017-06-12T09:56:16","guid":{"rendered":"http:\/\/cnprsv.ro\/?p=8006"},"modified":"2024-10-11T15:41:05","modified_gmt":"2024-10-11T13:41:05","slug":"natura-ne-aseamana-educatia-ne-deosebeste-concurs-judetean-de-biologie","status":"publish","type":"post","link":"https:\/\/cnprsv.ro\/?p=8006","title":{"rendered":"Natura ne aseam\u0103n\u0103, educa\u021bia ne deosebe\u0219te &#8211; Concurs jude\u021bean de biologie"},"content":{"rendered":"<p><strong>Concursul jude\u0163ean de biologie<\/strong><\/p>\n<p><strong>\u201eNatura ne aseam\u0103n\u0103, educa\u0163ia ne deosebe\u015fte\u201d<\/strong><\/p>\n<p><strong>\u00a0<\/strong><\/p>\n<p><strong>Edi\u0163ia a IX-a, 10 iunie 2017<\/strong><\/p>\n<p><strong>\u00a0<\/strong><\/p>\n<p>S\u00e2mb\u0103t\u0103, 10 iunie 2017, la de Colegiul Na\u0163ional \u201ePetru Rare\u015f\u201d Suceava s-a desf\u0103\u0219urat cea de-a noua edi\u0163ie a concursului jude\u0163ean de biologie \u201e<em>Natura ne aseam\u0103n\u0103, educa\u0163ia ne deosebe\u015fte<\/em>\u201d.<\/p>\n<p>Educarea aptitudinilor de comunicare \u015fi dialog, dezvoltarea g\u00e2ndirii critice, cultivarea interesului pentru lectur\u0103 \u015fi cercetare \u00een domeniul biologiei, formarea aptitudinilor de lucru \u00een echip\u0103, dezvoltarea spiritului de competi\u0163ie \u015fi fair \u2013 play sunt obiectivele acestui concurs care se adreseaz\u0103 elevilor din \u00eenv\u0103\u0163\u0103m\u00e2ntul gimnazial, clasele a V-a \u015fi a VI-a.<\/p>\n<p>Concursul este cuprins \u00een calendarul concursurilor jude\u021bene al I\u0218J Suceava.<\/p>\n<p>Organizatorii concursului au fost Inspectoratul \u0218colar Jude\u021bean Suceava \u0219i Colegiul Na\u021bional \u201dPetru Rare\u0219\u201d Suceava &#8211; catedra de biologie (prof. Morar A. Ramona, prof Morar (O) Ramona, prof. Drumea Mariana \u2013 ini\u021biatorul concursului la nivel jude\u021bean).<\/p>\n<p>\u00cen anul \u015fcolar 2015-2016, tema concursului a fost <strong><em>\u201eLegende despre plante \u0219i animale\u201d<\/em><\/strong>.<\/p>\n<p>Cei 42 de elevi participan\u0163i au selectat o tem\u0103 \u015fi au expus-o \u00een concurs utiliz\u00e2nd modalitatea de prezentare pe care au considerat-o cea mai atractiv\u0103 (desene, afi\u015fe, film, joc de rol, machete, power point etc).<\/p>\n<p>Juriul constituit din profesori de biologie din jude\u0163 a luat \u00een considerare \u00een evaluare criterii ca: originalitatea \u015fi calitatea prezent\u0103rii, documentarea \u015ftiin\u0163ific\u0103 a aspectelor prezentate, originalitatea \u015fi valoarea educativ\u0103 a temei prezentate.<\/p>\n<p>&nbsp;<\/p>\n<p>Premiile ob\u021binute au fost:<\/p>\n<table width=\"680\">\n<tbody>\n<tr>\n<td width=\"161\"><strong>Unitatea de \u00eenv\u0103\u0163\u0103m\u00e2nt<\/strong><\/td>\n<td width=\"156\"><strong>Numele \u015fi prenumele elevilor<\/strong><\/td>\n<td width=\"47\"><strong>Clasa<\/strong><\/td>\n<td width=\"123\"><strong>Tema<\/strong><\/td>\n<td width=\"85\"><strong>Profesor \u00eendrum\u0103tor<\/strong><\/td>\n<td width=\"109\"><strong>Premiul ob\u021binut<\/strong><\/td>\n<\/tr>\n<tr>\n<td width=\"161\">Liceul cu Program Sportiv Suceava<\/td>\n<td width=\"156\">C\u00eerstean Gabriel, Sandu Casian<\/td>\n<td width=\"47\">VI<\/td>\n<td width=\"123\">Povestea leului \u0219i a \u0219oricelului<\/td>\n<td width=\"85\">Chiselev Dorina<\/td>\n<td width=\"109\">I<\/td>\n<\/tr>\n<tr>\n<td width=\"161\">\u0218coala Gimnazial\u0103 Vatra Moldovi\u021bei<\/td>\n<td width=\"156\">\u0218estun Claudia, Zamfir Cezar \u0218tefan<\/td>\n<td width=\"47\">V<\/td>\n<td width=\"123\">Legenda cucului<\/td>\n<td width=\"85\">Coca Ioana<\/td>\n<td width=\"109\">I<\/td>\n<\/tr>\n<tr>\n<td width=\"161\">Colegiul Na\u021bional \u201dPetru Rare\u0219\u201d Suceava<\/td>\n<td width=\"156\">Nicolae Ana, Breaz Felicia Cristiana<\/td>\n<td width=\"47\">V<\/td>\n<td width=\"123\">Legenda ghiocelului<\/td>\n<td width=\"85\">Drumea Mariana<\/td>\n<td width=\"109\">II<\/td>\n<\/tr>\n<tr>\n<td width=\"161\">\u0218coala Gimnazial\u0103 nr. 4 Suceava<\/td>\n<td width=\"156\">Poroch Seri\u021ban Andreea, Bordianu Andrei<\/td>\n<td width=\"47\">VI<\/td>\n<td width=\"123\">Binele \u0219i R\u0103ul<\/td>\n<td width=\"85\">Alecu Carolina<\/td>\n<td width=\"109\">II<\/td>\n<\/tr>\n<tr>\n<td width=\"161\">\u0218coala Gimnazial\u0103 nr. 1 Vatra Dornei<\/td>\n<td width=\"156\">Florescu Andreea Ioana, Gruia Denisa<\/td>\n<td width=\"47\">V<\/td>\n<td width=\"123\">Legenda papucului doamnei<\/td>\n<td width=\"85\">Osieru Mihaela Cristina<\/td>\n<td width=\"109\">III<\/td>\n<\/tr>\n<tr>\n<td width=\"161\">\u0218coala Gimnazial\u0103 \u201dAurelian Stanciu\u201d Salcea<\/td>\n<td width=\"156\">Grigoriu Carla Monica, Florescu Nicoleta Ancu\u021ba<\/td>\n<td width=\"47\">V<\/td>\n<td width=\"123\">Legenda trandafirului<\/td>\n<td width=\"85\">Bos\u00eenceanu-Lucanu Carmen Anda<\/td>\n<td width=\"109\">III<\/td>\n<\/tr>\n<tr>\n<td width=\"161\">\u0218coala Gimnazial\u0103 Vatra Moldovi\u021bei<\/td>\n<td width=\"156\">Coca Sabina, Ciuverca Georgiana<\/td>\n<td width=\"47\">VI<\/td>\n<td width=\"123\">Legenda ghiocelului<\/td>\n<td width=\"85\">Coca Ioana<\/td>\n<td width=\"109\">III<\/td>\n<\/tr>\n<tr>\n<td width=\"161\">\u0218coala Gimnazial\u0103 \u201dIon Creang\u0103\u201d Suceava<\/td>\n<td width=\"156\">Rade\u0219 Delia, Burian Denisa<\/td>\n<td width=\"47\">VI<\/td>\n<td width=\"123\">Legende ale animalelor acvatice<\/td>\n<td width=\"85\">Alecu Carolina<\/td>\n<td width=\"109\">Men\u021biune<\/td>\n<\/tr>\n<tr>\n<td width=\"161\">\u0218coala Gimnazial\u0103 \u201dIon Creang\u0103\u201d Suceava<\/td>\n<td width=\"156\">Straton Andre Antonio<\/td>\n<td width=\"47\">VI<\/td>\n<td width=\"123\">Legende ale animalelor mitologice<\/td>\n<td width=\"85\">Alecu Carolina<\/td>\n<td width=\"109\">Men\u021biune<\/td>\n<\/tr>\n<tr>\n<td width=\"161\">\u0218coala Gimnazial\u0103 nr. 8 Suceava<\/td>\n<td width=\"156\">Bolohan Robert C\u0103t\u0103lin, Grosu Sofia<\/td>\n<td width=\"47\">V<\/td>\n<td width=\"123\">Bumbacul &#8211; planta r\u00e2vnit\u0103 de mod\u0103<\/td>\n<td width=\"85\">Amos \u0218tefania<\/td>\n<td width=\"109\">Men\u021biune<\/td>\n<\/tr>\n<tr>\n<td width=\"161\">\u0218coala Gimnazial\u0103 nr. 8 Suceava<\/td>\n<td width=\"156\">Pa\u0219covici Andreea, Bardan Irina<\/td>\n<td width=\"47\">VI<\/td>\n<td width=\"123\">Legenda r\u00e2ndunicii \u0219i a vr\u0103biu\u021bei<\/td>\n<td width=\"85\">Sima Carmen Cristina<\/td>\n<td width=\"109\">Men\u021biune<\/td>\n<\/tr>\n<tr>\n<td width=\"161\">\u0218coala Gimnazial\u0103 nr. 1 Vatra Dornei<\/td>\n<td width=\"156\">Rusu Maia, Pard\u0103u Adina Gabriela<\/td>\n<td width=\"47\">V<\/td>\n<td width=\"123\">Legenda fluturelui<\/td>\n<td width=\"85\">Osieru Mihaela Cristina<\/td>\n<td width=\"109\">Men\u021biune<\/td>\n<\/tr>\n<tr>\n<td width=\"161\">\u0218coala Gimnazial\u0103 \u201dAurelian Stanciu\u201d Salcea<\/td>\n<td width=\"156\">Hriscu Beatris, Palaghianu Denisa<\/td>\n<td width=\"47\">VI<\/td>\n<td width=\"123\">Leb\u0103da &#8211; o f\u0103ptur\u0103 de legend\u0103<\/td>\n<td width=\"85\">Bos\u00eenceanu-Lucanu Carmen Anda<\/td>\n<td width=\"109\">Men\u021biune<\/td>\n<\/tr>\n<tr>\n<td width=\"161\">\u0218coala Gimnazial\u0103 \u201dGrigore Ghica Voievod\u201d Suceava<\/td>\n<td width=\"156\">Aram\u0103 Patricia, Biju\u0219c\u0103 Gabriela<\/td>\n<td width=\"47\">VI<\/td>\n<td width=\"123\">Legenda coco\u0219ului<\/td>\n<td width=\"85\">\u021aiculeanu Ciurlic\u0103 Mihaela<\/td>\n<td width=\"109\">Men\u021biune<\/td>\n<\/tr>\n<tr>\n<td width=\"161\">\u0218coala Gimnazial\u0103 Ipote\u0219ti<\/td>\n<td width=\"156\">Duciuc Denisa, Regu\u0219 Mihaela<\/td>\n<td width=\"47\">VI<\/td>\n<td width=\"123\">Legenda nuf\u0103rului<\/td>\n<td width=\"85\">Mir\u0103u\u021bi Simona<\/td>\n<td width=\"109\">Men\u021biune<\/td>\n<\/tr>\n<tr>\n<td width=\"161\">\u0218coala Gimnazial\u0103 Bosanci<\/td>\n<td width=\"156\">Croitor Roana, Dr\u0103goi Lucian<\/td>\n<td width=\"47\">VI<\/td>\n<td width=\"123\">Legenda lebedei<\/td>\n<td width=\"85\">Mir\u0103u\u021bi Simona<\/td>\n<td width=\"109\">Men\u021biune<\/td>\n<\/tr>\n<tr>\n<td width=\"161\">\u0218coala Gimnazial\u0103 \u201dNicolae Stoleru\u201d Baia<\/td>\n<td width=\"156\">Pascariu Bianca, \u0218tefan Anastasia<\/td>\n<td width=\"47\">V<\/td>\n<td width=\"123\">Darul vulpii<\/td>\n<td width=\"85\">Viu Florin<\/td>\n<td width=\"109\">Men\u021biune<\/td>\n<\/tr>\n<tr>\n<td width=\"161\">\u0218coala Gimnazial\u0103 Satu Mare<\/td>\n<td width=\"156\">Lupancu Gabriela Valentina, Moro\u0219an Ionela Narcisa<\/td>\n<td width=\"47\">V<\/td>\n<td width=\"123\">Legenda privighetorii<\/td>\n<td width=\"85\">Bosovici Daniela<\/td>\n<td width=\"109\">Men\u021biune<\/td>\n<\/tr>\n<tr>\n<td width=\"161\">\u0218coala Gimnazial\u0103 Satu Mare<\/td>\n<td width=\"156\">Gavreliuc Tamara Adina, Teleag\u0103 Rare\u0219<\/td>\n<td width=\"47\">VI<\/td>\n<td width=\"123\">Legenda l\u0103cr\u0103mioarei<\/td>\n<td width=\"85\">Bosovici Daniela<\/td>\n<td width=\"109\">Men\u021biune<\/td>\n<\/tr>\n<tr>\n<td width=\"161\">\u0218coala Gimnazial\u0103 Cornu Luncii<\/td>\n<td width=\"156\">Coroblean Simona, Is\u0103il\u0103 Delia<\/td>\n<td width=\"47\">VI<\/td>\n<td width=\"123\">Poveste depre zebr\u0103<\/td>\n<td width=\"85\">Ilisei Vasilica<\/td>\n<td width=\"109\">Premiul special<\/td>\n<\/tr>\n<tr>\n<td width=\"161\">Liceul cu Program Sportiv Suceava<\/td>\n<td width=\"156\">L\u0103pu\u0219nean Ovidiu<\/td>\n<td width=\"47\">VI<\/td>\n<td width=\"123\">Legenda p\u0103ianjenului<\/td>\n<td width=\"85\">Chiselev Dorina<\/td>\n<td width=\"109\">Premiul special<\/td>\n<\/tr>\n<\/tbody>\n<\/table>\n<p>&nbsp;<\/p>\n<p>&nbsp;<\/p>\n<p>&nbsp;<\/p>\n<p>&nbsp;<\/p>\n<p><a href=\"https:\/\/cnprsv.ro\/wp-content\/uploads\/2011\/03\/wings.png\" rel=\"lightbox[8006]\"><img loading=\"lazy\" decoding=\"async\" class=\"alignright size-full wp-image-593\" src=\"https:\/\/cnprsv.ro\/wp-content\/uploads\/2011\/03\/wings.png\" alt=\"sigla CNPR\" width=\"100\" height=\"97\" \/><\/a><\/p>\n","protected":false},"excerpt":{"rendered":"<p>Concursul jude\u0163ean de biologie \u201eNatura ne aseam\u0103n\u0103, educa\u0163ia ne deosebe\u015fte\u201d \u00a0 Edi\u0163ia a IX-a, 10 iunie 2017 \u00a0 S\u00e2mb\u0103t\u0103, 10 iunie 2017, la de Colegiul Na\u0163ional \u201ePetru Rare\u015f\u201d Suceava s-a desf\u0103\u0219urat cea de-a noua edi\u0163ie a concursului jude\u0163ean de biologie<\/p>\n<div class=\"entry-read-more\"><a class=\"read-more-link\" href=\"https:\/\/cnprsv.ro\/?p=8006\">Read More<span class=\"cleanwp-sr-only\">  Natura ne aseam\u0103n\u0103, educa\u021bia ne deosebe\u0219te &#8211; Concurs jude\u021bean de biologie<\/span><\/a><\/div>\n","protected":false},"author":1,"featured_media":0,"comment_status":"closed","ping_status":"open","sticky":false,"template":"","format":"standard","meta":{"_editorskit_title_hidden":false,"_editorskit_reading_time":0,"_editorskit_is_block_options_detached":false,"_editorskit_block_options_position":"{}","footnotes":""},"categories":[1],"tags":[],"class_list":["post-8006","post","type-post","status-publish","format-standard","hentry","category-uncategorized","wpcat-1-id"],"_links":{"self":[{"href":"https:\/\/cnprsv.ro\/index.php?rest_route=\/wp\/v2\/posts\/8006","targetHints":{"allow":["GET"]}}],"collection":[{"href":"https:\/\/cnprsv.ro\/index.php?rest_route=\/wp\/v2\/posts"}],"about":[{"href":"https:\/\/cnprsv.ro\/index.php?rest_route=\/wp\/v2\/types\/post"}],"author":[{"embeddable":true,"href":"https:\/\/cnprsv.ro\/index.php?rest_route=\/wp\/v2\/users\/1"}],"replies":[{"embeddable":true,"href":"https:\/\/cnprsv.ro\/index.php?rest_route=%2Fwp%2Fv2%2Fcomments&post=8006"}],"version-history":[{"count":2,"href":"https:\/\/cnprsv.ro\/index.php?rest_route=\/wp\/v2\/posts\/8006\/revisions"}],"predecessor-version":[{"id":8008,"href":"https:\/\/cnprsv.ro\/index.php?rest_route=\/wp\/v2\/posts\/8006\/revisions\/8008"}],"wp:attachment":[{"href":"https:\/\/cnprsv.ro\/index.php?rest_route=%2Fwp%2Fv2%2Fmedia&parent=8006"}],"wp:term":[{"taxonomy":"category","embeddable":true,"href":"https:\/\/cnprsv.ro\/index.php?rest_route=%2Fwp%2Fv2%2Fcategories&post=8006"},{"taxonomy":"post_tag","embeddable":true,"href":"https:\/\/cnprsv.ro\/index.php?rest_route=%2Fwp%2Fv2%2Ftags&post=8006"}],"curies":[{"name":"wp","href":"https:\/\/api.w.org\/{rel}","templated":true}]}}