{"id":8197,"date":"2017-07-14T08:09:35","date_gmt":"2017-07-14T06:09:35","guid":{"rendered":"http:\/\/cnprsv.ro\/?p=8197"},"modified":"2024-10-11T15:41:05","modified_gmt":"2024-10-11T13:41:05","slug":"concursul-national-videoart-pentru-liceeni","status":"publish","type":"post","link":"https:\/\/cnprsv.ro\/?p=8197","title":{"rendered":"CONCURSUL NA\u021aIONAL VIDEOART PENTRU LICEENI"},"content":{"rendered":"<div id=\"m_-3375487626871482207yui_3_16_0_ym19_1_1499936483513_9542\" align=\"center\"><b id=\"m_-3375487626871482207yui_3_16_0_ym19_1_1499936483513_9543\"><span id=\"m_-3375487626871482207yui_3_16_0_ym19_1_1499936483513_9544\" lang=\"RO\">Comunicat de pres\u0103<u><\/u><u><\/u><\/span><\/b><\/div>\n<div id=\"m_-3375487626871482207yui_3_16_0_ym19_1_1499936483513_9546\"><b id=\"m_-3375487626871482207yui_3_16_0_ym19_1_1499936483513_9547\"><span id=\"m_-3375487626871482207yui_3_16_0_ym19_1_1499936483513_9548\" lang=\"RO\">Festivalul interna\u021bional Video Art pentru liceeni la cea de-a noua edi\u021bie<u><\/u><u><\/u><\/span><\/b><\/div>\n<div id=\"m_-3375487626871482207yui_3_16_0_ym19_1_1499936483513_9550\"><span id=\"m_-3375487626871482207yui_3_16_0_ym19_1_1499936483513_9551\" lang=\"RO\"><u><\/u>\u00a0<u><\/u><\/span><\/div>\n<div id=\"m_-3375487626871482207yui_3_16_0_ym19_1_1499936483513_9553\"><span id=\"m_-3375487626871482207yui_3_16_0_ym19_1_1499936483513_9554\" lang=\"RO\">\u00cencep\u00e2nd cu\u00a0 13 iulie 2016, \u00a0Suceava va g\u0103zdui cea de-a noua edi\u021bie a Festivalului interna\u021bional Video \u00a0Art pentru liceeni, care va aduce la Suceava \u00a0peste patruzeci de tineri din \u021bar\u0103 \u0219i str\u0103in\u0103tate, pasiona\u021bi ai celei de-a \u0219aptea arte. Cei \u00een cauz\u0103 reprezint\u0103 cei mai buni dintre cei buni, nominaliza\u021bi de juriul interna\u021bional al festivalului, care a desemnat c\u00e2te zece echipaje la fiecare dintre cele dou\u0103 sec\u021biuni ale festivalului:\u00a0<i id=\"m_-3375487626871482207yui_3_16_0_ym19_1_1499936483513_9555\">filme de scurtmetraj<\/i>\u00a0\u0219i\u00a0<i id=\"m_-3375487626871482207yui_3_16_0_ym19_1_1499936483513_9556\">spot publicitar cu impact social<\/i>.<u><\/u><u><\/u><\/span><\/div>\n<div id=\"m_-3375487626871482207yui_3_16_0_ym19_1_1499936483513_9558\"><span id=\"m_-3375487626871482207yui_3_16_0_ym19_1_1499936483513_9559\" lang=\"RO\">Anul acesta juriul are urm\u0103toarea componen\u021b\u0103, pre\u0219edinte al juriului, conf. dr.\u00a0<b id=\"m_-3375487626871482207yui_3_16_0_ym19_1_1499936483513_9560\">Radu Ol\u0103reanu<\/b>, de la Universitatea de Arte din Tg-Mure\u0219,\u00a0<b id=\"m_-3375487626871482207yui_3_16_0_ym19_1_1499936483513_9561\">Violeta Gorgos,\u00a0<\/b>regizor artistic de la TVR Ia\u0219i,\u00a0<b id=\"m_-3375487626871482207yui_3_16_0_ym19_1_1499936483513_9562\">Emilian Urse,\u00a0<\/b>pre\u0219edintele Asocia\u021biei Na\u021bionale a Cinecluburilor din Rom\u00e2nia.<u><\/u><u><\/u><\/span><\/div>\n<div id=\"m_-3375487626871482207yui_3_16_0_ym19_1_1499936483513_9564\"><span id=\"m_-3375487626871482207yui_3_16_0_ym19_1_1499936483513_9565\" lang=\"RO\">Marele c\u00e2\u0219tig al acestei edi\u021bii \u00eel reprezint\u0103 prezen\u021ba \u00een juriu a lui<b id=\"m_-3375487626871482207yui_3_16_0_ym19_1_1499936483513_9566\">\u00a0Dave Watterson<\/b>, pre\u0219edintele \u00een exerci\u021biu al Uniunii Interna\u021bionale de Cinema (UNICA), domnia sa accept\u00e2nd de la bun \u00eenceput, f\u0103r\u0103 nicio reticen\u021b\u0103, invita\u021bia noastr\u0103. Faptul se datoreaz\u0103, exclusiv impresiei pe care Rom\u00e2nia \u0219i \u00een special noi, cei de la Suceava, am l\u0103sat-o delega\u021biilor din care \u0219i domnia sa a f\u0103cut parte, delega\u021bii care s-au succedat \u00een ultimii doi ani la Suceava, \u00een contextul organiz\u0103rii de c\u0103tre noi, \u00een anul 2016 a celei de-a 78-a edi\u021bii a Festivalului interna\u021bional UNICA.<u><\/u><u><\/u><\/span><\/div>\n<div id=\"m_-3375487626871482207yui_3_16_0_ym19_1_1499936483513_9568\"><span id=\"m_-3375487626871482207yui_3_16_0_ym19_1_1499936483513_9569\" lang=\"RO\">Mai mult dec\u00e2t at\u00e2t, domnia sa a fost prezent acum doi ani, doar \u00een calitate de invitat la finala din 2015 a festivalului nostru, apreciind al\u0103turi de ceilal\u021bi membri ai delega\u021biei de atunci, formatul festivalului, iar ca efect al acelui moment, putem men\u021biona recomandarea din partea acestora de a aplica pentru \u00eencadrarea Festivalului Video Art sub patronajul UNICA. Acest fapt a devenit realitate \u0219i din 2016, Festivalul interna\u021bional Video Art pentru liceeni este singurul festival din Rom\u00e2nia cu aceast\u0103 certificare interna\u021bional\u0103. \u00a0<u><\/u><u><\/u><\/span><\/div>\n<div id=\"m_-3375487626871482207yui_3_16_0_ym19_1_1499936483513_9571\"><span id=\"m_-3375487626871482207yui_3_16_0_ym19_1_1499936483513_9572\" lang=\"RO\">Au fost trimise \u00een festival filme din mai multe \u021b\u0103ri ale Europei, dar \u0219i numeroase filme din \u021bar\u0103, ale unor cluburi de profil sau licee, unde exist\u0103 elevi \u0219i profesori pasiona\u021bi de film. Din str\u0103in\u0103tate au sosit filme din Macedonia, Ucraina, Fran\u021ba \u0219i Republica Moldova, iar din \u021bar\u0103 au sosit filme din Constan\u021ba, Bucure\u0219ti, Hu\u0219i, Bac\u0103u, F\u0103lticeni, Craiova, R\u0103d\u0103u\u021bi \u0219i bine\u00een\u021beles Suceava. Num\u0103rul proiectelor cinematografice la cele dou\u0103 sec\u021biuni se ridic\u0103 la 34.<u><\/u><u><\/u><\/span><\/div>\n<div id=\"m_-3375487626871482207yui_3_16_0_ym19_1_1499936483513_9574\"><span id=\"m_-3375487626871482207yui_3_16_0_ym19_1_1499936483513_9575\" lang=\"RO\">Statistica numeric\u0103 \u00eentr-un festival de acest profil nu reprezint\u0103 neap\u0103rat un criteriu de evaluare, dec\u00e2t cel mult subiectiv\u0103, \u00eentruc\u00e2t num\u0103rul impresionant de fime trimise spre jurizare nu d\u0103 valoare unei astfel de manifest\u0103ri, ci calitatea acestora, iar la acest aspect juriul na\u021bional a declarat c\u0103 \u2013 cel pu\u021bin \u2013 la categoria scurtmetraje, calitatea este notabil\u0103.<u><\/u><u><\/u><\/span><\/div>\n<div id=\"m_-3375487626871482207yui_3_16_0_ym19_1_1499936483513_9577\"><span id=\"m_-3375487626871482207yui_3_16_0_ym19_1_1499936483513_9578\" lang=\"RO\">Urmeaz\u0103 pentru ziua de vineri \u201eproba de foc\u201d, respectiv excursia tematic\u0103 \u00een cadrul c\u0103reia cele dou\u0103zeci de echipaje vor trebui s\u0103 realizeze un scurtmetraj cu o tem\u0103 aleas\u0103 de membrii juriului, urmat\u0103 de editarea materialelor filmate \u00een ziua urm\u0103toare, s\u00e2mb\u0103t\u0103, iar duminc\u0103, 16 iulie, la ora 10,00 iubitorii de film sunt a\u0219tepta\u021bi la\u00a0<b id=\"m_-3375487626871482207yui_3_16_0_ym19_1_1499936483513_9579\">Gala decern\u0103rii premiilor Video Art 2017,\u00a0<\/b>la Cinematograful Modern.<u><\/u><u><\/u><\/span><\/div>\n<div id=\"m_-3375487626871482207yui_3_16_0_ym19_1_1499936483513_9581\"><span id=\"m_-3375487626871482207yui_3_16_0_ym19_1_1499936483513_9582\" lang=\"RO\"><u><\/u>\u00a0<u><\/u><\/span><\/div>\n<div id=\"m_-3375487626871482207yui_3_16_0_ym19_1_1499936483513_9584\"><span id=\"m_-3375487626871482207yui_3_16_0_ym19_1_1499936483513_9585\" lang=\"RO\">Colegiul Na\u021bional \u201ePetru Rare\u0219\u201d \u0219i Clubul \u201dVideo Art\u201d al elevilor colegiului mul\u021bumesc pe aceast\u0103 cale colaboratorilor \u0219i sponsorilor, Prim\u0103riei Municipiului Suceava, Consiliului Jude\u021bean, Centrului Cultural Bucovina, Universit\u0103\u021bii \u201e\u0218tefan cel Mare\u201d din Suceava, Inspectoratului \u0219colar al jude\u021bului Suceava.<u><\/u><u><\/u><\/span><\/div>\n<div id=\"m_-3375487626871482207yui_3_16_0_ym19_1_1499936483513_9587\" align=\"right\"><span id=\"m_-3375487626871482207yui_3_16_0_ym19_1_1499936483513_9588\" lang=\"RO\"><u><\/u>\u00a0<u><\/u><\/span><\/div>\n<div id=\"m_-3375487626871482207yui_3_16_0_ym19_1_1499936483513_9590\" align=\"right\"><span id=\"m_-3375487626871482207yui_3_16_0_ym19_1_1499936483513_9591\" lang=\"RO\"><u><\/u>\u00a0<u><\/u><\/span><\/div>\n<div id=\"m_-3375487626871482207yui_3_16_0_ym19_1_1499936483513_9593\" align=\"right\"><span id=\"m_-3375487626871482207yui_3_16_0_ym19_1_1499936483513_9594\" lang=\"RO\">Prof. Viorel Ieremie,<u><\/u><u><\/u><\/span><\/div>\n<div id=\"m_-3375487626871482207yui_3_16_0_ym19_1_1499936483513_9596\" align=\"right\"><span id=\"m_-3375487626871482207yui_3_16_0_ym19_1_1499936483513_9597\" lang=\"RO\">Colegiul na\u021bional \u201ePetru Rare\u0219\u201d<u><\/u><u><\/u><\/span><\/div>\n<div id=\"m_-3375487626871482207yui_3_16_0_ym19_1_1499936483513_9600\" dir=\"ltr\"><span id=\"m_-3375487626871482207yui_3_16_0_ym19_1_1499936483513_9599\" lang=\"RO\">Coordonatorul festivalului<\/span><\/div>\n<p><a href=\"https:\/\/cnprsv.ro\/wp-content\/uploads\/2011\/05\/videoartlogo.jpg\" rel=\"lightbox[8197]\"><img loading=\"lazy\" decoding=\"async\" class=\"size-full wp-image-867 alignright\" src=\"https:\/\/cnprsv.ro\/wp-content\/uploads\/2011\/05\/videoartlogo.jpg\" alt=\"videoartlogo\" width=\"321\" height=\"145\" srcset=\"https:\/\/cnprsv.ro\/wp-content\/uploads\/2011\/05\/videoartlogo.jpg 321w, https:\/\/cnprsv.ro\/wp-content\/uploads\/2011\/05\/videoartlogo-300x135.jpg 300w\" sizes=\"auto, (max-width: 321px) 100vw, 321px\" \/><\/a><\/p>\n","protected":false},"excerpt":{"rendered":"<p>Comunicat de pres\u0103 Festivalul interna\u021bional Video Art pentru liceeni la cea de-a noua edi\u021bie \u00a0 \u00cencep\u00e2nd cu\u00a0 13 iulie 2016, \u00a0Suceava va g\u0103zdui cea de-a noua edi\u021bie a Festivalului interna\u021bional Video \u00a0Art pentru liceeni, care va aduce la Suceava \u00a0peste<\/p>\n<div class=\"entry-read-more\"><a class=\"read-more-link\" href=\"https:\/\/cnprsv.ro\/?p=8197\">Read More<span class=\"cleanwp-sr-only\">  CONCURSUL NA\u021aIONAL VIDEOART PENTRU LICEENI<\/span><\/a><\/div>\n","protected":false},"author":1,"featured_media":0,"comment_status":"closed","ping_status":"open","sticky":false,"template":"","format":"standard","meta":{"_editorskit_title_hidden":false,"_editorskit_reading_time":0,"_editorskit_is_block_options_detached":false,"_editorskit_block_options_position":"{}","footnotes":""},"categories":[1],"tags":[],"class_list":["post-8197","post","type-post","status-publish","format-standard","hentry","category-uncategorized","wpcat-1-id"],"_links":{"self":[{"href":"https:\/\/cnprsv.ro\/index.php?rest_route=\/wp\/v2\/posts\/8197","targetHints":{"allow":["GET"]}}],"collection":[{"href":"https:\/\/cnprsv.ro\/index.php?rest_route=\/wp\/v2\/posts"}],"about":[{"href":"https:\/\/cnprsv.ro\/index.php?rest_route=\/wp\/v2\/types\/post"}],"author":[{"embeddable":true,"href":"https:\/\/cnprsv.ro\/index.php?rest_route=\/wp\/v2\/users\/1"}],"replies":[{"embeddable":true,"href":"https:\/\/cnprsv.ro\/index.php?rest_route=%2Fwp%2Fv2%2Fcomments&post=8197"}],"version-history":[{"count":1,"href":"https:\/\/cnprsv.ro\/index.php?rest_route=\/wp\/v2\/posts\/8197\/revisions"}],"predecessor-version":[{"id":8198,"href":"https:\/\/cnprsv.ro\/index.php?rest_route=\/wp\/v2\/posts\/8197\/revisions\/8198"}],"wp:attachment":[{"href":"https:\/\/cnprsv.ro\/index.php?rest_route=%2Fwp%2Fv2%2Fmedia&parent=8197"}],"wp:term":[{"taxonomy":"category","embeddable":true,"href":"https:\/\/cnprsv.ro\/index.php?rest_route=%2Fwp%2Fv2%2Fcategories&post=8197"},{"taxonomy":"post_tag","embeddable":true,"href":"https:\/\/cnprsv.ro\/index.php?rest_route=%2Fwp%2Fv2%2Ftags&post=8197"}],"curies":[{"name":"wp","href":"https:\/\/api.w.org\/{rel}","templated":true}]}}