{"id":8335,"date":"2017-09-20T12:25:38","date_gmt":"2017-09-20T10:25:38","guid":{"rendered":"http:\/\/cnprsv.ro\/?p=8335"},"modified":"2024-10-11T15:40:50","modified_gmt":"2024-10-11T13:40:50","slug":"parlamentul-european-al-tinerilor-sesiune-de-selectie","status":"publish","type":"post","link":"https:\/\/cnprsv.ro\/?p=8335","title":{"rendered":"Parlamentul European al Tinerilor &#8211; sesiune de selec\u021bie"},"content":{"rendered":"<p><strong>Parlamentul European al Tinerilor &#8211; European Youth Parliament (EYP)<\/strong>\u00a0&#8211; este o organiza\u021bie european\u0103 de reprezentare a tinerilor cu v\u00e2rsta cuprins\u0103 \u00eentre 16-21 ani, fondat\u0103 \u00een 1987. EYP promoveaz\u0103 dimensiunea european\u0103 \u00een educa\u021bie \u0219i ofer\u0103 posibilitatea elevilor sau studen\u021bilor vorbitori fluent de limba englez\u0103 s\u0103 ia parte la o experien\u021b\u0103 practic\u0103 \u0219i pozitiv\u0103 de \u00eenv\u0103\u021bare.<\/p>\n<p>EYP<strong>\u00a0<\/strong>este o structur\u0103 educa\u021bional\u0103 care func\u021bioneaz\u0103 pe l\u00e2ng\u0103 \u0219i dup\u0103 modelul Parlamentului European, sus\u021binut\u0103 financiar \u0219i logistic de Parlamentul European \u0219i Comisia Europeana,\u00a0<strong>sub patronajul onorific al d-lui Antonio Tajani, Pre\u0219edintele Parlamentului European, \u0219i al d-lui Thorbjorn Jagland, Secretar General al Consiliului Europei.<\/strong>\u00a0Organiza\u021bia promoveaz\u0103 ideea european\u0103 conform principiului\u00a0<em>\u201eunitate \u00een diversitate<\/em>\u201d \u0219i urm\u0103re\u0219te preg\u0103tirea viitoarei genera\u021bii de politicieni locali \u0219i europeni, promovarea g\u00e2ndirii libere, exerci\u021biul democra\u021biei europene \u0219i dialogul intercultural.<\/p>\n<p>De ce EYP? Este o experien\u021b\u0103 care va descoperi limitele tinerilor, care va construi o stabil\u0103 cale de dezvoltare personal\u0103 \u015fi profesional\u0103 \u015fi care va consolida cuno\u015ftin\u0163ele, \u00eencrederea de sine \u015fi abilit\u0103\u0163ile de socializare ale tinerilor. EYP adun\u0103 an de an mii de tineri participan\u0163i la sesiuni \u00een \u00eentreaga lume care \u00eemp\u0103rt\u0103\u015fesc acelea\u015fi idei \u015fi valori europene.<\/p>\n<p>Funda\u0163ia EYP Romania organizeaz\u0103 \u00een toamna anului 2017 c\u00e2te o Sesiune Regional\u0103 de Selec\u0163ie \u00een fiecare dintre regiunile istorice: Muntenia, Moldova si Transilvania, scopul final al selec\u021biei fiind participarea la sesiunea interna\u021bional\u0103 a Parlamentului European al Tinerilor din \u00a0toamn\u0103 2018 care se va desf\u0103\u0219ura \u00een Yerevan, Armenia.<\/p>\n<p>V\u0103 invit\u0103m s\u0103 lua\u0163i parte la aceste evenimente form\u00e2nd o delega\u0163ie compus\u0103 din 11 membri (10 politicieni + 1 muzician) \u0219i s\u0103 deveni\u021bi liceu partener \u00een cadrul proiectului nostru\u00a0(<a href=\"http:\/\/www.eypromania.eu\/licee-partenere.html\" data-saferedirecturl=\"https:\/\/www.google.com\/url?hl=en&amp;q=http:\/\/www.eypromania.eu\/licee-partenere.html&amp;source=gmail&amp;ust=1505989238274000&amp;usg=AFQjCNHlkAQvlwVyRQpEqN8DUs0guU_otw\">http:\/\/www.eypromania.eu\/licee-partenere.html<\/a>).<\/p>\n<p>Aplica\u021biile se transmit centralizat pe adresa\u00a0<a href=\"mailto:office@eypromania.eu\">office@eypromania.eu<\/a>\u00a0corespunz\u0103tor regiunii istorice, delega\u0163iile din Bucure\u015fti put\u00e2nd aplica la oricare dintre cele trei sesiuni. Termen limit\u0103 pentru trimiterea aplica\u021biilor: 01.10. 2017 (Muntenia), respectiv 06.10.2017 (Transilvania, Moldova).<\/p>\n<p><strong>Pentru informa\u021bii suplimentare (dosar de candidatur\u0103 cu detalii organiza\u021bionale \u0219i fi\u0219e de participare), accesa\u021bi site-ul funda\u021biei,\u00a0<a href=\"http:\/\/www.eypromania.eu\/\" data-saferedirecturl=\"https:\/\/www.google.com\/url?hl=en&amp;q=http:\/\/www.eypromania.eu&amp;source=gmail&amp;ust=1505989238274000&amp;usg=AFQjCNFnNdqaNqzmxykZFibah-mRO82BCw\">www.eypromania.eu<\/a>, sau scrie\u021bi-ne pe adresa\u00a0<\/strong><a href=\"mailto:eyp@eypromania.eu\"><strong>eyp@eypromania.eu<\/strong><\/a><strong>.<\/strong><\/p>\n<p>&nbsp;<\/p>\n<p><a href=\"https:\/\/cnprsv.ro\/wp-content\/uploads\/2017\/09\/Parlamentul-European-al-Tinerilor.png\" rel=\"lightbox[8335]\"><img loading=\"lazy\" decoding=\"async\" class=\" wp-image-8336 alignright\" src=\"https:\/\/cnprsv.ro\/wp-content\/uploads\/2017\/09\/Parlamentul-European-al-Tinerilor.png\" alt=\"Parlamentul European al Tinerilor\" width=\"199\" height=\"40\" srcset=\"https:\/\/cnprsv.ro\/wp-content\/uploads\/2017\/09\/Parlamentul-European-al-Tinerilor.png 750w, https:\/\/cnprsv.ro\/wp-content\/uploads\/2017\/09\/Parlamentul-European-al-Tinerilor-300x60.png 300w\" sizes=\"auto, (max-width: 199px) 100vw, 199px\" \/><\/a><\/p>\n","protected":false},"excerpt":{"rendered":"<p>Parlamentul European al Tinerilor &#8211; European Youth Parliament (EYP)\u00a0&#8211; este o organiza\u021bie european\u0103 de reprezentare a tinerilor cu v\u00e2rsta cuprins\u0103 \u00eentre 16-21 ani, fondat\u0103 \u00een 1987. EYP promoveaz\u0103 dimensiunea european\u0103 \u00een educa\u021bie \u0219i ofer\u0103 posibilitatea elevilor sau studen\u021bilor vorbitori fluent<\/p>\n<div class=\"entry-read-more\"><a class=\"read-more-link\" href=\"https:\/\/cnprsv.ro\/?p=8335\">Read More<span class=\"cleanwp-sr-only\">  Parlamentul European al Tinerilor &#8211; sesiune de selec\u021bie<\/span><\/a><\/div>\n","protected":false},"author":1,"featured_media":0,"comment_status":"closed","ping_status":"open","sticky":false,"template":"","format":"standard","meta":{"_editorskit_title_hidden":false,"_editorskit_reading_time":0,"_editorskit_is_block_options_detached":false,"_editorskit_block_options_position":"{}","footnotes":""},"categories":[1],"tags":[],"class_list":["post-8335","post","type-post","status-publish","format-standard","hentry","category-uncategorized","wpcat-1-id"],"_links":{"self":[{"href":"https:\/\/cnprsv.ro\/index.php?rest_route=\/wp\/v2\/posts\/8335","targetHints":{"allow":["GET"]}}],"collection":[{"href":"https:\/\/cnprsv.ro\/index.php?rest_route=\/wp\/v2\/posts"}],"about":[{"href":"https:\/\/cnprsv.ro\/index.php?rest_route=\/wp\/v2\/types\/post"}],"author":[{"embeddable":true,"href":"https:\/\/cnprsv.ro\/index.php?rest_route=\/wp\/v2\/users\/1"}],"replies":[{"embeddable":true,"href":"https:\/\/cnprsv.ro\/index.php?rest_route=%2Fwp%2Fv2%2Fcomments&post=8335"}],"version-history":[{"count":2,"href":"https:\/\/cnprsv.ro\/index.php?rest_route=\/wp\/v2\/posts\/8335\/revisions"}],"predecessor-version":[{"id":8338,"href":"https:\/\/cnprsv.ro\/index.php?rest_route=\/wp\/v2\/posts\/8335\/revisions\/8338"}],"wp:attachment":[{"href":"https:\/\/cnprsv.ro\/index.php?rest_route=%2Fwp%2Fv2%2Fmedia&parent=8335"}],"wp:term":[{"taxonomy":"category","embeddable":true,"href":"https:\/\/cnprsv.ro\/index.php?rest_route=%2Fwp%2Fv2%2Fcategories&post=8335"},{"taxonomy":"post_tag","embeddable":true,"href":"https:\/\/cnprsv.ro\/index.php?rest_route=%2Fwp%2Fv2%2Ftags&post=8335"}],"curies":[{"name":"wp","href":"https:\/\/api.w.org\/{rel}","templated":true}]}}