{"id":8376,"date":"2017-10-12T14:43:25","date_gmt":"2017-10-12T12:43:25","guid":{"rendered":"http:\/\/cnprsv.ro\/?p=8376"},"modified":"2024-10-11T15:40:50","modified_gmt":"2024-10-11T13:40:50","slug":"prima-mobilitate-din-cadrul-proiectului-cooperation-innovatrice-vers-linterdisciplinarite-civique-civic","status":"publish","type":"post","link":"https:\/\/cnprsv.ro\/?p=8376","title":{"rendered":"Prima mobilitate din cadrul proiectului \u201cCoop\u00e9ration Innovatrice Vers l\u2019Interdisciplinarit\u00e9 Civique\u201d \u2013 CIVIC"},"content":{"rendered":"<p><img loading=\"lazy\" decoding=\"async\" class=\"alignright wp-image-8378\" src=\"https:\/\/cnprsv.ro\/wp-content\/uploads\/2017\/10\/sigla-cnpr-proiecte.jpg\" alt=\"sigla cnpr proiecte\" width=\"151\" height=\"108\" srcset=\"https:\/\/cnprsv.ro\/wp-content\/uploads\/2017\/10\/sigla-cnpr-proiecte.jpg 474w, https:\/\/cnprsv.ro\/wp-content\/uploads\/2017\/10\/sigla-cnpr-proiecte-300x215.jpg 300w\" sizes=\"auto, (max-width: 151px) 100vw, 151px\" \/>Colegiul Na\u021bional \u201dPETRU RARES\u201d Suceava este, \u00een perioada 7.10-15.10.2017, gazda primei mobilit\u0103\u021bi din cadrul proiectului Erasmus+ KA2, \u00a0\u201cCoop\u00e9ration Innovatrice Vers l\u2019Interdisciplinarit\u00e9 Civique\u201d \u2013 CIVIC, cod 2017-1-FR01-KA219-037281_2.<\/p>\n<p>Activitatea transna\u021bional\u0103 include, de fapt, dou\u0103 etape distincte: parcurgerea unui curs \u0219i a unor module practice aferente, respectiv stabilirea coordonatelor de derulare a viitoarelor mobilit\u0103\u021bi cu elevii. Temele cursului \u0219i profesorii care au conferen\u021biat sunt:<\/p>\n<ol>\n<li><em>Persoana \u0219i statul de drept<\/em>, profesor conf. dr. Laura BOURIAUD , Universitatea \u201d\u0218tefan cel Mare\u201d, Suceava<\/li>\n<li><em>Exersarea cet\u0103\u021beniei \u00een UE &#8211; repere teoretice \u0219i formative<\/em>,<strong> c<\/strong> univ. dr. Nadia Laura SERDENCIUC, Universitatea \u201d\u0218tefan cel Mare\u201d, Suceava<\/li>\n<li><em>Provoc\u0103ri morale \u0219i civice<\/em>, conf. dr.Bogdan POPOVENIUC<strong>, <\/strong>Universitatea \u201d\u0218tefan cel Mare\u201d, Suceava<\/li>\n<li><em>Egalitate \u0219i discriminare<\/em>, conf. dr. Florin Domunco, Universitatea \u201d\u0218tefan cel Mare\u201d, Suceava<\/li>\n<li><em>Societatea \u0219i conservarea mediului<\/em><strong>, <\/strong><em>Conduita ecologic\u0103. Amprenta ecologic\u0103,<\/em> dr. Anca Maciuc\u0103, Universitatea \u201d\u0218tefan cel Mare\u201d, Suceava<\/li>\n<\/ol>\n<p>Modulele practice s-au derulat sub coordonarea profesorilor Colegiului Na\u021bional \u201dPetru Rare\u0219\u201d Suceava, Anca GRECULEAC, Petronela MUNTEANU \u0219i Mariana RO\u0218CA.<\/p>\n<p>Limba oficial\u0103 de comunicare a proiectului\u00a0 este limba francez\u0103, lucru care\u00a0 bucur\u0103 foarte mult at\u00e2t profesorii, c\u00e2t \u0219i pe elevii care studiaz\u0103 aceast\u0103 limb\u0103.<\/p>\n<p>\u0218colile partenere \u00a0\u00een cadrul proiectului\u00a0 sunt licee din cinci t\u0103ri, distribu\u021bia lor geografic\u0103 \u00een Europa fiind una foarte larg\u0103:<\/p>\n<ol>\n<li>Lyc\u00e9e Grandmont Tours, Fran\u021ba<\/li>\n<li>Colegiul National &#8222;Petru Rares&#8221; Suceava, Rom\u00e2nia<\/li>\n<li>Istituto tecnico economico statale &#8221; Jacopo Barozzi&#8221;, Modena, Italia<\/li>\n<li>Liceo Classico Stabili Trebbiani, Ascoli Piceno, Italia<\/li>\n<li>XV Liceum Ogolnoksztalcace im. Narcyzy Zmichowskiej, Warszawa, Polonia<\/li>\n<li>Zespol Szkol Ogolnoksztalcacych nr 2 w Jeleniej Gorze, Jelenia G\u00f3ra, Polonia<\/li>\n<li>Lyc\u00e9e Professionnel Auguste Bouvet, Romans sur Is\u00e8re &#8211; Fran\u021ba<\/li>\n<li>Escola Secund\u00e1ria de Felgueiras, Felgueiras- Portugalia<\/li>\n<\/ol>\n<p>Proiectul se va derula pe parcursul a doi ani \u0219colari: 2017-2018 \u0219i 2018-2019, lucru care va permite ca toate etapele implement\u0103rii s\u0103 fie parcurse \u00eentr-un timp optim, partea de diseminare \u0219i exploatare a rezultatelor av\u00e2nd la dispozi\u021bie un interval generos.<\/p>\n<p>Exist\u0103 dou\u0103 paliere ale activit\u0103\u021bilor de proiect, unul se adreseaz\u0103 profesorilor coordonatori, iar altul elevilor din grupul \u021bint\u0103. Profesorii coordonatori ai activit\u0103\u021bilor cu elevii vor dob\u00e2ndi competen\u021be de concepere \u0219i derulare de activit\u0103\u021bi didactice interdisciplinare, care s\u0103 dezvolte la elevi spiritul civic. Elevii vor descoperi (prin lucru \u00een comun) care sunt valorile civice europene pe care le consider\u0103 cele mai importante \u0219i vor dob\u00e2ndi abilit\u0103\u021bi civice, pe care le vor exersa at\u00e2t prin activit\u0103\u021bile de proiect, c\u00e2t \u0219i \u00een activit\u0103\u021bile lor ulterioare. \u00cen mobilit\u0103\u021bi vor participa doar reprezentan\u021bii desemna\u021bi ai elevilor. &#8222;Ambasadorii elevilor&#8221;, \u00een num\u0103r relativ mic comparativ cu al colegilor care vor derula activit\u0103\u021bi locale, vor dob\u00e2ndi competen\u021be de elaborare de reglement\u0103ri \u0219colare comune \u0219colilor partenere, de conceperea de expozi\u021bii cu mesaj civic, de derulare a unei campanii, de redactare a un proiect de lege, de realizare de investiga\u021bii privind migran\u021bii, de analiz\u0103 a beneficiilor \u0219i riscurilor re\u021belelor sociale, de m\u0103surare a impactului asupra mediului \u0219i societ\u0103\u021bii a progresului economic european.<\/p>\n<p>&nbsp;<\/p>\n<div id='gallery-1' class='gallery galleryid-8376 gallery-columns-3 gallery-size-thumbnail'><figure class='gallery-item'>\n\t\t\t<div class='gallery-icon landscape'>\n\t\t\t\t<a href='https:\/\/cnprsv.ro\/?attachment_id=8380'><img loading=\"lazy\" decoding=\"async\" width=\"150\" height=\"150\" src=\"https:\/\/cnprsv.ro\/wp-content\/uploads\/2017\/10\/img_01-150x150.jpg\" class=\"attachment-thumbnail size-thumbnail\" alt=\"\" \/><\/a>\n\t\t\t<\/div><\/figure><figure class='gallery-item'>\n\t\t\t<div class='gallery-icon landscape'>\n\t\t\t\t<a href='https:\/\/cnprsv.ro\/?attachment_id=8381'><img loading=\"lazy\" decoding=\"async\" width=\"150\" height=\"150\" src=\"https:\/\/cnprsv.ro\/wp-content\/uploads\/2017\/10\/img_02-150x150.jpg\" class=\"attachment-thumbnail size-thumbnail\" alt=\"\" \/><\/a>\n\t\t\t<\/div><\/figure>\n\t\t<\/div>\n\n","protected":false},"excerpt":{"rendered":"<p>Colegiul Na\u021bional \u201dPETRU RARES\u201d Suceava este, \u00een perioada 7.10-15.10.2017, gazda primei mobilit\u0103\u021bi din cadrul proiectului Erasmus+ KA2, \u00a0\u201cCoop\u00e9ration Innovatrice Vers l\u2019Interdisciplinarit\u00e9 Civique\u201d \u2013 CIVIC, cod 2017-1-FR01-KA219-037281_2. Activitatea transna\u021bional\u0103 include, de fapt, dou\u0103 etape distincte: parcurgerea unui curs \u0219i a unor<\/p>\n<div class=\"entry-read-more\"><a class=\"read-more-link\" href=\"https:\/\/cnprsv.ro\/?p=8376\">Read More<span class=\"cleanwp-sr-only\">  Prima mobilitate din cadrul proiectului \u201cCoop\u00e9ration Innovatrice Vers l\u2019Interdisciplinarit\u00e9 Civique\u201d \u2013 CIVIC<\/span><\/a><\/div>\n","protected":false},"author":1,"featured_media":0,"comment_status":"closed","ping_status":"open","sticky":false,"template":"","format":"standard","meta":{"_editorskit_title_hidden":false,"_editorskit_reading_time":0,"_editorskit_is_block_options_detached":false,"_editorskit_block_options_position":"{}","footnotes":""},"categories":[1],"tags":[],"class_list":["post-8376","post","type-post","status-publish","format-standard","hentry","category-uncategorized","wpcat-1-id"],"_links":{"self":[{"href":"https:\/\/cnprsv.ro\/index.php?rest_route=\/wp\/v2\/posts\/8376","targetHints":{"allow":["GET"]}}],"collection":[{"href":"https:\/\/cnprsv.ro\/index.php?rest_route=\/wp\/v2\/posts"}],"about":[{"href":"https:\/\/cnprsv.ro\/index.php?rest_route=\/wp\/v2\/types\/post"}],"author":[{"embeddable":true,"href":"https:\/\/cnprsv.ro\/index.php?rest_route=\/wp\/v2\/users\/1"}],"replies":[{"embeddable":true,"href":"https:\/\/cnprsv.ro\/index.php?rest_route=%2Fwp%2Fv2%2Fcomments&post=8376"}],"version-history":[{"count":2,"href":"https:\/\/cnprsv.ro\/index.php?rest_route=\/wp\/v2\/posts\/8376\/revisions"}],"predecessor-version":[{"id":9017,"href":"https:\/\/cnprsv.ro\/index.php?rest_route=\/wp\/v2\/posts\/8376\/revisions\/9017"}],"wp:attachment":[{"href":"https:\/\/cnprsv.ro\/index.php?rest_route=%2Fwp%2Fv2%2Fmedia&parent=8376"}],"wp:term":[{"taxonomy":"category","embeddable":true,"href":"https:\/\/cnprsv.ro\/index.php?rest_route=%2Fwp%2Fv2%2Fcategories&post=8376"},{"taxonomy":"post_tag","embeddable":true,"href":"https:\/\/cnprsv.ro\/index.php?rest_route=%2Fwp%2Fv2%2Ftags&post=8376"}],"curies":[{"name":"wp","href":"https:\/\/api.w.org\/{rel}","templated":true}]}}