{"id":8458,"date":"2017-11-07T12:20:07","date_gmt":"2017-11-07T10:20:07","guid":{"rendered":"http:\/\/cnprsv.ro\/?p=8458"},"modified":"2024-10-11T15:40:49","modified_gmt":"2024-10-11T13:40:49","slug":"selectie-participanti-proiect-erasmus-youth-in-action-2018","status":"publish","type":"post","link":"https:\/\/cnprsv.ro\/?p=8458","title":{"rendered":"Selec\u021bie participan\u021bi proiect Erasmus+, Youth in Action 2018"},"content":{"rendered":"<p><img loading=\"lazy\" decoding=\"async\" class=\"alignright  wp-image-1082\" src=\"https:\/\/cnprsv.ro\/wp-content\/uploads\/2011\/05\/steagul-germaniei.jpg\" alt=\"steagul-germaniei\" width=\"198\" height=\"158\" srcset=\"https:\/\/cnprsv.ro\/wp-content\/uploads\/2011\/05\/steagul-germaniei.jpg 388w, https:\/\/cnprsv.ro\/wp-content\/uploads\/2011\/05\/steagul-germaniei-300x238.jpg 300w\" sizes=\"auto, (max-width: 198px) 100vw, 198px\" \/>Colegiul Na\u021bional \u201dPetru Rare\u0219\u201d anun\u021b\u0103 \u00eenceperea \u00eenscrierilor pentru \u00eenc\u0103 dou\u0103 locuri alocate suplimentar proiectului de tip <em>Youth in Action<\/em>.<\/p>\n<p>Cele dou\u0103 locuri pot fi ocupate <strong>doar<\/strong> de elevi care nu au mai participat \u00een edi\u021biile anterioare ale proiectului, edi\u021bii derulate de c\u0103tre \u0219coala noastr\u0103, elevi care\u00a0 \u00eemplinit 16 ani p\u00e2n\u0103 la 1.oct.2017 \u0219i care nu au participat la testarea anterioar\u0103 deoarece pentru ace\u0219tia avem deja rezultatele evalu\u0103rilor.<\/p>\n<p>Proiectul va fi derulat \u00een perioada 1.oct.2017-31.dec.2018 \u0219i presupune efectuarea de c\u0103tre participan\u021bi a dou\u0103 mobilit\u0103\u021bi:<\/p>\n<ul>\n<li>prima mobilitate va fi \u00een Germania (Otzenhausen), activit\u0103\u021bile seminarului av\u00e2nd ca tem\u0103: <strong>\u201dEuropean Identity \u2013 European Integration\u201d;<\/strong><\/li>\n<li>a doua mobilitate va fi \u00een Finlanda (Helsinki), activit\u0103\u021bile seminarului av\u00e2nd ca tem\u0103: <strong>(European Identity \u2013 Cultural heritage).<\/strong><\/li>\n<\/ul>\n<p>\u00cen alc\u0103tuirea clasamentului pentru cele dou\u0103 noi locuri vor fi luate \u00een considerare notele ob\u021binute de noii elevi care se vor \u00eenscrie precum \u0219i notele elevilor care au sus\u021binut testarea pe 13.oct.2017, dar care nu au mai participat \u00een edi\u021biile anterioare ale proiectului.<\/p>\n<p>Dup\u0103 noua etap\u0103 de selec\u021bie se va afi\u0219a \u0219i lista cumulat\u0103 (\u00een ordinea descresc\u0103toare a punctajelor) a rezervelor pentru proiect.<\/p>\n<p>Exprimarea inten\u021biei de a participa la selec\u021bie se va comunica d-lui prof. Erhan Mihail \u00een zilele de miercuri (08.nov.2017) sau joi (09.nov..2017) \u00eentre orele 8.00-14.00, inten\u021bia voastr\u0103 fiind consemnat\u0103 \u00een tabelul de \u00eenscriere pe baz\u0103 de semn\u0103tur\u0103. Este necesar\u0103 aceast\u0103 etap\u0103 de pre \u00eenscriere pentru a calcula necesarul de subiecte.<\/p>\n<p>Selec\u021bia candida\u021bilor va fi efectuat\u0103 vineri (10.nov.2017) \u00eencep\u00e2nd cu orele 18.00 la sediul colegiului \u0219i va consta \u00eentr-o prob\u0103 scris\u0103 de writing.<\/p>\n<p>&nbsp;<\/p>\n<p>Coordonator al seriei curente,\u00a0\u00a0\u00a0\u00a0\u00a0\u00a0\u00a0\u00a0\u00a0\u00a0\u00a0\u00a0\u00a0\u00a0\u00a0\u00a0\u00a0\u00a0\u00a0\u00a0\u00a0\u00a0\u00a0\u00a0\u00a0\u00a0\u00a0\u00a0\u00a0\u00a0\u00a0\u00a0\u00a0\u00a0 Coordonator permanent al proiectului,<\/p>\n<p>Prof. Mihail ERHAN\u00a0\u00a0\u00a0\u00a0\u00a0\u00a0\u00a0\u00a0\u00a0\u00a0\u00a0\u00a0\u00a0\u00a0\u00a0\u00a0\u00a0\u00a0\u00a0\u00a0\u00a0\u00a0\u00a0\u00a0\u00a0\u00a0\u00a0\u00a0\u00a0\u00a0\u00a0\u00a0\u00a0\u00a0\u00a0\u00a0\u00a0\u00a0\u00a0\u00a0\u00a0\u00a0\u00a0\u00a0\u00a0\u00a0\u00a0\u00a0\u00a0\u00a0\u00a0 prof. Michaella Cornelia Viorica MELINTE<\/p>\n<p>&nbsp;<\/p>\n","protected":false},"excerpt":{"rendered":"<p>Colegiul Na\u021bional \u201dPetru Rare\u0219\u201d anun\u021b\u0103 \u00eenceperea \u00eenscrierilor pentru \u00eenc\u0103 dou\u0103 locuri alocate suplimentar proiectului de tip Youth in Action. Cele dou\u0103 locuri pot fi ocupate doar de elevi care nu au mai participat \u00een edi\u021biile anterioare ale proiectului, edi\u021bii derulate<\/p>\n<div class=\"entry-read-more\"><a class=\"read-more-link\" href=\"https:\/\/cnprsv.ro\/?p=8458\">Read More<span class=\"cleanwp-sr-only\">  Selec\u021bie participan\u021bi proiect Erasmus+, Youth in Action 2018<\/span><\/a><\/div>\n","protected":false},"author":1,"featured_media":0,"comment_status":"closed","ping_status":"open","sticky":false,"template":"","format":"standard","meta":{"_editorskit_title_hidden":false,"_editorskit_reading_time":0,"_editorskit_is_block_options_detached":false,"_editorskit_block_options_position":"{}","footnotes":""},"categories":[1],"tags":[],"class_list":["post-8458","post","type-post","status-publish","format-standard","hentry","category-uncategorized","wpcat-1-id"],"_links":{"self":[{"href":"https:\/\/cnprsv.ro\/index.php?rest_route=\/wp\/v2\/posts\/8458","targetHints":{"allow":["GET"]}}],"collection":[{"href":"https:\/\/cnprsv.ro\/index.php?rest_route=\/wp\/v2\/posts"}],"about":[{"href":"https:\/\/cnprsv.ro\/index.php?rest_route=\/wp\/v2\/types\/post"}],"author":[{"embeddable":true,"href":"https:\/\/cnprsv.ro\/index.php?rest_route=\/wp\/v2\/users\/1"}],"replies":[{"embeddable":true,"href":"https:\/\/cnprsv.ro\/index.php?rest_route=%2Fwp%2Fv2%2Fcomments&post=8458"}],"version-history":[{"count":2,"href":"https:\/\/cnprsv.ro\/index.php?rest_route=\/wp\/v2\/posts\/8458\/revisions"}],"predecessor-version":[{"id":8460,"href":"https:\/\/cnprsv.ro\/index.php?rest_route=\/wp\/v2\/posts\/8458\/revisions\/8460"}],"wp:attachment":[{"href":"https:\/\/cnprsv.ro\/index.php?rest_route=%2Fwp%2Fv2%2Fmedia&parent=8458"}],"wp:term":[{"taxonomy":"category","embeddable":true,"href":"https:\/\/cnprsv.ro\/index.php?rest_route=%2Fwp%2Fv2%2Fcategories&post=8458"},{"taxonomy":"post_tag","embeddable":true,"href":"https:\/\/cnprsv.ro\/index.php?rest_route=%2Fwp%2Fv2%2Ftags&post=8458"}],"curies":[{"name":"wp","href":"https:\/\/api.w.org\/{rel}","templated":true}]}}