{"id":8673,"date":"2018-01-11T12:27:08","date_gmt":"2018-01-11T10:27:08","guid":{"rendered":"http:\/\/cnprsv.ro\/?p=8673"},"modified":"2024-10-11T15:40:49","modified_gmt":"2024-10-11T13:40:49","slug":"planuri-cadru-noi-pentru-ciclul-liceal-consultare-public","status":"publish","type":"post","link":"https:\/\/cnprsv.ro\/?p=8673","title":{"rendered":"Planuri-cadru noi pentru ciclul liceal &#8211; consultare public\u0103"},"content":{"rendered":"<p><strong>Ministerul Educa\u021biei Na\u021bionale (MEN) \u0219i Institutul de \u015etiin\u0163e ale Educa\u0163iei (ISE) lanseaz\u0103 o prim\u0103 etap\u0103 a\u00a0procesului de consultare public\u0103 privind planurile-cadru pentru \u00eenv\u0103\u021b\u0103m\u00e2ntul liceal,\u00a0filiera teoretic\u0103,\u00a0prin prezentarea a trei variante<\/strong>. To\u0163i cei interesa\u0163i &#8211; cadre didactice, speciali\u015fti \u00een curriculum, elevi, p\u0103rin\u0163i &#8211; sunt invita\u0163i s\u0103 participe \u015fi s\u0103-\u015fi exprime punctele de vedere, sugestiile \u015fi propunerile pe adresa de e-mail\u00a0<a href=\"mailto:info@ise.ro\">info@ise.ro<\/a>, p\u00e2n\u0103 la data de 26 ianuarie 2018, inclusiv. O alt\u0103 formul\u0103 de colectare a feedback-ului va fi publicarea unui chestionar online, instrument disponibil \u00een perioada imediat urm\u0103toare.<\/p>\n<p>Toate cele trei variante supuse consult\u0103rii au fost construite pornind de la competen\u021bele ce urmeaz\u0103 a fi dob\u00e2ndite de elevi la finalul claselor\u00a0a X-a \u0219i a XII-a, a\u0219a cum sunt definite de profilul absolventului. Variantele de proiect urm\u0103resc eliminarea unor incoeren\u021be\/dezechilibre existente \u00een actualele planuri-cadru \u0219i dezvoltarea unor oferte educa\u021bionale care s\u0103 corespund\u0103 a\u0219tept\u0103rilor elevilor ce au optat pentru un anumit profil\/specializare. Principiul de baz\u0103 a fost acela de a asigura un trunchi comun (TC) p\u00e2n\u0103 \u00een clasa a X-a, care s\u0103 permit\u0103 tuturor elevilor ce vor finaliza \u00eenv\u0103\u021b\u0103m\u00e2ntul obligatoriu de\u021binerea la nivel func\u021bional a celor opt competen\u021be-cheie. Fiecare variant\u0103 are o raportare specific\u0103 la rolul curriculumului diferen\u021biat (CD) \u0219i al curriculumului la decizia \u0219colii (CDS), situa\u021bie reflectat\u0103 \u0219i de ponderile orare diferite\u00a0alocate acestora.<\/p>\n<p>Procesul de elaborare a propunerilor de planuri-cadru pentru ciclul liceal (filiera teoretic\u0103) s-a fundamentat pe un set de repere \u015fi principii de dezvoltare curricular\u0103 \u0219i pe un\u00a0profil de formare al absolventului, promovate \u00een documentul de politici \u201eRepere pentru proiectarea \u015fi actualizarea curriculumului na\u0163ional\u201d.<\/p>\n<p>Consultarea public\u0103 va include \u015fi \u00eent\u00e2lniri cu elevi, p\u0103rin\u0163i, cadre didactice, reprezentan\u0163i ai societ\u0103\u0163ii civile, organizate la nivel\u00a0regional\/jude\u0163ean. Opiniile argumentate \u015fi sugestiile participan\u0163ilor vor sprijini \u00een mod esen\u0163ial luarea unei decizii pe acest subiect. Adoptarea\u00a0noilor planuri de \u00eenv\u0103\u021b\u0103m\u00e2nt va permite demararea procesului de elaborare a unor noi programe \u0219colare pentru liceu \u0219i implementarea, \u00een premier\u0103, a unui model unitar de proiectare bazat pe competen\u021be la nivelul \u00eenv\u0103\u021b\u0103m\u00e2ntului primar, gimnazial \u0219i liceal.<\/p>\n<p>Mai multe detalii despre procesul de consultare, precum \u015fi documentele-suport sunt disponibile\u00a0la<\/p>\n<p><a href=\"http:\/\/www.edu.ro\/consultare-public\u0103-proiectele-planurilor-cadru-pentru-\u00eenv\u0103\u021b\u0103m\u00e2ntul-liceal-ciclul-inferior-\u0219i-ciclul\">www.edu.ro\/consultare-public\u0103-proiectele-planurilor-cadru-pentru-\u00eenv\u0103\u021b\u0103m\u00e2ntul-liceal-ciclul-inferior-\u0219i-ciclul<\/a><\/p>\n<p>BIROUL DE COMUNICARE MEN<\/p>\n<p><a href=\"https:\/\/cnprsv.ro\/wp-content\/uploads\/2017\/02\/edu.png\" rel=\"lightbox[8673]\"><img loading=\"lazy\" decoding=\"async\" class=\"alignright size-full wp-image-7544\" src=\"https:\/\/cnprsv.ro\/wp-content\/uploads\/2017\/02\/edu.png\" alt=\"edu\" width=\"205\" height=\"70\" \/><\/a><\/p>\n","protected":false},"excerpt":{"rendered":"<p>Ministerul Educa\u021biei Na\u021bionale (MEN) \u0219i Institutul de \u015etiin\u0163e ale Educa\u0163iei (ISE) lanseaz\u0103 o prim\u0103 etap\u0103 a\u00a0procesului de consultare public\u0103 privind planurile-cadru pentru \u00eenv\u0103\u021b\u0103m\u00e2ntul liceal,\u00a0filiera teoretic\u0103,\u00a0prin prezentarea a trei variante. To\u0163i cei interesa\u0163i &#8211; cadre didactice, speciali\u015fti \u00een curriculum, elevi, p\u0103rin\u0163i<\/p>\n<div class=\"entry-read-more\"><a class=\"read-more-link\" href=\"https:\/\/cnprsv.ro\/?p=8673\">Read More<span class=\"cleanwp-sr-only\">  Planuri-cadru noi pentru ciclul liceal &#8211; consultare public\u0103<\/span><\/a><\/div>\n","protected":false},"author":1,"featured_media":0,"comment_status":"closed","ping_status":"open","sticky":false,"template":"","format":"standard","meta":{"_editorskit_title_hidden":false,"_editorskit_reading_time":0,"_editorskit_is_block_options_detached":false,"_editorskit_block_options_position":"{}","footnotes":""},"categories":[1],"tags":[],"class_list":["post-8673","post","type-post","status-publish","format-standard","hentry","category-uncategorized","wpcat-1-id"],"_links":{"self":[{"href":"https:\/\/cnprsv.ro\/index.php?rest_route=\/wp\/v2\/posts\/8673","targetHints":{"allow":["GET"]}}],"collection":[{"href":"https:\/\/cnprsv.ro\/index.php?rest_route=\/wp\/v2\/posts"}],"about":[{"href":"https:\/\/cnprsv.ro\/index.php?rest_route=\/wp\/v2\/types\/post"}],"author":[{"embeddable":true,"href":"https:\/\/cnprsv.ro\/index.php?rest_route=\/wp\/v2\/users\/1"}],"replies":[{"embeddable":true,"href":"https:\/\/cnprsv.ro\/index.php?rest_route=%2Fwp%2Fv2%2Fcomments&post=8673"}],"version-history":[{"count":2,"href":"https:\/\/cnprsv.ro\/index.php?rest_route=\/wp\/v2\/posts\/8673\/revisions"}],"predecessor-version":[{"id":8676,"href":"https:\/\/cnprsv.ro\/index.php?rest_route=\/wp\/v2\/posts\/8673\/revisions\/8676"}],"wp:attachment":[{"href":"https:\/\/cnprsv.ro\/index.php?rest_route=%2Fwp%2Fv2%2Fmedia&parent=8673"}],"wp:term":[{"taxonomy":"category","embeddable":true,"href":"https:\/\/cnprsv.ro\/index.php?rest_route=%2Fwp%2Fv2%2Fcategories&post=8673"},{"taxonomy":"post_tag","embeddable":true,"href":"https:\/\/cnprsv.ro\/index.php?rest_route=%2Fwp%2Fv2%2Ftags&post=8673"}],"curies":[{"name":"wp","href":"https:\/\/api.w.org\/{rel}","templated":true}]}}