{"id":8745,"date":"2018-02-21T20:14:40","date_gmt":"2018-02-21T18:14:40","guid":{"rendered":"http:\/\/cnprsv.ro\/?p=8745"},"modified":"2024-10-11T15:40:48","modified_gmt":"2024-10-11T13:40:48","slug":"repartizare-la-proba-orala-competente-lingvistice","status":"publish","type":"post","link":"https:\/\/cnprsv.ro\/?p=8745","title":{"rendered":"Repartizare la proba oral\u0103 &#8211; competen\u021be lingvistice"},"content":{"rendered":"<p><a href=\"\/documente\/repartizare C oral.pdf\" target=\"_blank\" rel=\"noopener\">Aici<\/a> g\u0103si\u021bi\u00a0programarea candida\u021bilor la proba C &#8211; oral, de joi, 22 februarie.<\/p>\n<p>Repartizarea pe s\u0103li:<\/p>\n<p>Englez\u0103 1 &#8211; bibliotec\u0103<\/p>\n<p>Englez\u0103 2 \u0219i 4 &#8211; S2<\/p>\n<p>Englez\u0103 3 \u0219i 5 &#8211; S1<\/p>\n<p>Francez\u0103 normal &#8211; 38<\/p>\n<p>German\u0103 &#8211; 38<\/p>\n<p>Francez\u0103 bilingv &#8211; bibliotec\u0103<\/p>\n<p>Cursurile claselor a XII-a se desf\u0103\u0219oar\u0103 <span style=\"text-decoration: underline;\"><strong>normal<\/strong><\/span>, candida\u021bii se vor prezenta la sala de examen conform planific\u0103rii.<br \/>\n<a href=\"https:\/\/cnprsv.ro\/wp-content\/uploads\/2012\/05\/a.jpg\" rel=\"lightbox[8745]\"><img loading=\"lazy\" decoding=\"async\" class=\"alignright size-full wp-image-2264\" src=\"https:\/\/cnprsv.ro\/wp-content\/uploads\/2012\/05\/a.jpg\" alt=\"toca absolvent\" width=\"224\" height=\"225\" srcset=\"https:\/\/cnprsv.ro\/wp-content\/uploads\/2012\/05\/a.jpg 224w, https:\/\/cnprsv.ro\/wp-content\/uploads\/2012\/05\/a-150x150.jpg 150w\" sizes=\"auto, (max-width: 224px) 100vw, 224px\" \/><\/a><\/p>\n","protected":false},"excerpt":{"rendered":"<p>Aici g\u0103si\u021bi\u00a0programarea candida\u021bilor la proba C &#8211; oral, de joi, 22 februarie. Repartizarea pe s\u0103li: Englez\u0103 1 &#8211; bibliotec\u0103 Englez\u0103 2 \u0219i 4 &#8211; S2 Englez\u0103 3 \u0219i 5 &#8211; S1 Francez\u0103 normal &#8211; 38 German\u0103 &#8211; 38 Francez\u0103 bilingv<\/p>\n<div class=\"entry-read-more\"><a class=\"read-more-link\" href=\"https:\/\/cnprsv.ro\/?p=8745\">Read More<span class=\"cleanwp-sr-only\">  Repartizare la proba oral\u0103 &#8211; competen\u021be lingvistice<\/span><\/a><\/div>\n","protected":false},"author":1,"featured_media":0,"comment_status":"closed","ping_status":"open","sticky":false,"template":"","format":"standard","meta":{"_editorskit_title_hidden":false,"_editorskit_reading_time":0,"_editorskit_is_block_options_detached":false,"_editorskit_block_options_position":"{}","footnotes":""},"categories":[1],"tags":[],"class_list":["post-8745","post","type-post","status-publish","format-standard","hentry","category-uncategorized","wpcat-1-id"],"_links":{"self":[{"href":"https:\/\/cnprsv.ro\/index.php?rest_route=\/wp\/v2\/posts\/8745","targetHints":{"allow":["GET"]}}],"collection":[{"href":"https:\/\/cnprsv.ro\/index.php?rest_route=\/wp\/v2\/posts"}],"about":[{"href":"https:\/\/cnprsv.ro\/index.php?rest_route=\/wp\/v2\/types\/post"}],"author":[{"embeddable":true,"href":"https:\/\/cnprsv.ro\/index.php?rest_route=\/wp\/v2\/users\/1"}],"replies":[{"embeddable":true,"href":"https:\/\/cnprsv.ro\/index.php?rest_route=%2Fwp%2Fv2%2Fcomments&post=8745"}],"version-history":[{"count":2,"href":"https:\/\/cnprsv.ro\/index.php?rest_route=\/wp\/v2\/posts\/8745\/revisions"}],"predecessor-version":[{"id":11677,"href":"https:\/\/cnprsv.ro\/index.php?rest_route=\/wp\/v2\/posts\/8745\/revisions\/11677"}],"wp:attachment":[{"href":"https:\/\/cnprsv.ro\/index.php?rest_route=%2Fwp%2Fv2%2Fmedia&parent=8745"}],"wp:term":[{"taxonomy":"category","embeddable":true,"href":"https:\/\/cnprsv.ro\/index.php?rest_route=%2Fwp%2Fv2%2Fcategories&post=8745"},{"taxonomy":"post_tag","embeddable":true,"href":"https:\/\/cnprsv.ro\/index.php?rest_route=%2Fwp%2Fv2%2Ftags&post=8745"}],"curies":[{"name":"wp","href":"https:\/\/api.w.org\/{rel}","templated":true}]}}