{"id":8971,"date":"2018-06-24T09:44:56","date_gmt":"2018-06-24T07:44:56","guid":{"rendered":"http:\/\/cnprsv.ro\/?p=8971"},"modified":"2024-10-11T15:40:47","modified_gmt":"2024-10-11T13:40:47","slug":"bac-2018-repartizarea-pe-sali-la-limba-si-literatura-romana","status":"publish","type":"post","link":"https:\/\/cnprsv.ro\/?p=8971","title":{"rendered":"BAC 2018 &#8211; Repartizarea pe s\u0103li la limba \u0219i literatura rom\u00e2n\u0103"},"content":{"rendered":"<p><a href=\"\/documente\/Repartizare_PetruRares_Ea.pdf\" target=\"_blank\" rel=\"noopener\">Aici<\/a> g\u0103si\u021bi repartizarea pe s\u0103li la proba de limba \u0219i literatura rom\u00e2n\u0103, luni, 25 iunie 2018. Pentru redactarea tezei se vor folosi doar pix\/stilou cu past\u0103\/cerneal\u0103 albastr\u0103.<\/p>\n<p>Rug\u0103m candida\u021bii s\u0103 \u00ee\u0219i lase acas\u0103 telefoanele mobile \u0219i orice alt bagaj.<\/p>\n<p>Accesul candida\u021bilor \u00een s\u0103li se face \u00eentre orele 8 \u0219i 8,30, PE BAZA UNUI ACT DE IDENTITATE. S\u0103lile de bagaje sunt:<\/p>\n<ul>\n<li>sala 9 &#8211;\u00a0pentru s\u0103lile de examen de la parter<\/li>\n<li>sala 22 &#8211;\u00a0pentru s\u0103lile de examen de la etajul I<\/li>\n<li>aula &#8211;\u00a0pentru s\u0103lile de examen de la etajul II<br \/>\n<a href=\"https:\/\/cnprsv.ro\/wp-content\/uploads\/2012\/05\/a.jpg\" rel=\"lightbox[8971]\"><img loading=\"lazy\" decoding=\"async\" class=\"alignright size-full wp-image-2264\" src=\"https:\/\/cnprsv.ro\/wp-content\/uploads\/2012\/05\/a.jpg\" alt=\"toca absolvent\" width=\"224\" height=\"225\" srcset=\"https:\/\/cnprsv.ro\/wp-content\/uploads\/2012\/05\/a.jpg 224w, https:\/\/cnprsv.ro\/wp-content\/uploads\/2012\/05\/a-150x150.jpg 150w\" sizes=\"auto, (max-width: 224px) 100vw, 224px\" \/><\/a><\/li>\n<\/ul>\n","protected":false},"excerpt":{"rendered":"<p>Aici g\u0103si\u021bi repartizarea pe s\u0103li la proba de limba \u0219i literatura rom\u00e2n\u0103, luni, 25 iunie 2018. Pentru redactarea tezei se vor folosi doar pix\/stilou cu past\u0103\/cerneal\u0103 albastr\u0103. Rug\u0103m candida\u021bii s\u0103 \u00ee\u0219i lase acas\u0103 telefoanele mobile \u0219i orice alt bagaj. Accesul<\/p>\n<div class=\"entry-read-more\"><a class=\"read-more-link\" href=\"https:\/\/cnprsv.ro\/?p=8971\">Read More<span class=\"cleanwp-sr-only\">  BAC 2018 &#8211; Repartizarea pe s\u0103li la limba \u0219i literatura rom\u00e2n\u0103<\/span><\/a><\/div>\n","protected":false},"author":1,"featured_media":0,"comment_status":"closed","ping_status":"open","sticky":false,"template":"","format":"standard","meta":{"_editorskit_title_hidden":false,"_editorskit_reading_time":0,"_editorskit_is_block_options_detached":false,"_editorskit_block_options_position":"{}","footnotes":""},"categories":[1],"tags":[],"class_list":["post-8971","post","type-post","status-publish","format-standard","hentry","category-uncategorized","wpcat-1-id"],"_links":{"self":[{"href":"https:\/\/cnprsv.ro\/index.php?rest_route=\/wp\/v2\/posts\/8971","targetHints":{"allow":["GET"]}}],"collection":[{"href":"https:\/\/cnprsv.ro\/index.php?rest_route=\/wp\/v2\/posts"}],"about":[{"href":"https:\/\/cnprsv.ro\/index.php?rest_route=\/wp\/v2\/types\/post"}],"author":[{"embeddable":true,"href":"https:\/\/cnprsv.ro\/index.php?rest_route=\/wp\/v2\/users\/1"}],"replies":[{"embeddable":true,"href":"https:\/\/cnprsv.ro\/index.php?rest_route=%2Fwp%2Fv2%2Fcomments&post=8971"}],"version-history":[{"count":2,"href":"https:\/\/cnprsv.ro\/index.php?rest_route=\/wp\/v2\/posts\/8971\/revisions"}],"predecessor-version":[{"id":11658,"href":"https:\/\/cnprsv.ro\/index.php?rest_route=\/wp\/v2\/posts\/8971\/revisions\/11658"}],"wp:attachment":[{"href":"https:\/\/cnprsv.ro\/index.php?rest_route=%2Fwp%2Fv2%2Fmedia&parent=8971"}],"wp:term":[{"taxonomy":"category","embeddable":true,"href":"https:\/\/cnprsv.ro\/index.php?rest_route=%2Fwp%2Fv2%2Fcategories&post=8971"},{"taxonomy":"post_tag","embeddable":true,"href":"https:\/\/cnprsv.ro\/index.php?rest_route=%2Fwp%2Fv2%2Ftags&post=8971"}],"curies":[{"name":"wp","href":"https:\/\/api.w.org\/{rel}","templated":true}]}}