{"id":8995,"date":"2018-07-06T14:30:26","date_gmt":"2018-07-06T12:30:26","guid":{"rendered":"http:\/\/cnprsv.ro\/?p=8995"},"modified":"2024-10-11T15:40:47","modified_gmt":"2024-10-11T13:40:47","slug":"scoala-bobocilor-si-boboceeilor","status":"publish","type":"post","link":"https:\/\/cnprsv.ro\/?p=8995","title":{"rendered":"\u0218COALA BOBOCILOR \u0218I BOBOCEEILOR"},"content":{"rendered":"<h2><strong>\u00a0<img loading=\"lazy\" decoding=\"async\" class=\"size-full wp-image-6852 alignleft\" src=\"https:\/\/cnprsv.ro\/wp-content\/uploads\/2016\/06\/absolvent8-e1499165255499.jpg\" alt=\"absolvent8\" width=\"100\" height=\"100\" \/>\u00a0Dragi viitori boboci \u0219i bobocei<img loading=\"lazy\" decoding=\"async\" class=\"size-full wp-image-1598 alignright\" src=\"https:\/\/cnprsv.ro\/wp-content\/uploads\/2011\/10\/balul_bobocilor.gif\" alt=\"balul_bobocilor\" width=\"129\" height=\"120\" \/><\/strong><\/h2>\n<h2><strong>\u00a0ai Colegiului Na\u021bional \u201dPetru Rare\u0219\u201d,\u00a0\u00a0 \u00a0 \u00a0 \u00a0 \u00a0\u00a0<\/strong><\/h2>\n<h4>Colegiul nostru v\u0103 \u00eent\u00e2mpin\u0103 \u0219i v\u0103 ureaz\u0103 BUN VENIT ! la sf\u00e2r\u0219itul vacan\u021bei, la<\/h4>\n<h4><em>\u0218coala bobocilor \u0219i boboceilor<\/em>\u00a0\u2013 a III-a edi\u021bie a taberei de var\u0103,<\/h4>\n<h4>\u00een perioada 27 august \u2013 7 septembrie.<\/h4>\n<h4><strong>\u00a0<\/strong><\/h4>\n<h4><strong>Urm\u0103ri\u021bi site-ul nostru,\u00a0<\/strong><strong>cnprsv.ro\u00a0<\/strong><strong>\u0219i pagina oficial\u0103\u00a0de facebook a\u00a0\u0219colii,\u00a0<\/strong><strong>www.facebook.com\/CNPRSV<\/strong><strong>, pentru a fi la curent cu oferta ce va fi completat\u0103 periodic. De asemeni, pute\u021bi s\u0103\u00a0v\u0103\u00a0familiariza\u021bi cu acest tip de activitate acces\u00e2nd site-ul nostru la sec\u021biunea\u00a0<\/strong><em><strong>Activit\u0103\u021bi extra\u0219colare\/Tabere de var\u0103<\/strong><\/em><strong>, unde g\u0103si\u021bi informa\u021bii despre\u00a0<\/strong><em><strong>\u0218coala bobocilor 2016<\/strong><\/em><em><strong>\u00a0\u0219i\u00a0<\/strong><\/em><em><strong>\u0218coala bobocilor 2017<\/strong><\/em><strong>.<\/strong><\/h4>\n<h4>\u00cen toate aceste activit\u0103\u021bi v\u0103 vor sta al\u0103turi profesorii liceului, viitorii vo\u0219tri dirigin\u021bi, voluntari \u2013 elevi ai liceului din clasele mai mari, membri ai cercurilor \u0219i cluburilor \u0219colii \u0219i, nu \u00een ultimul r\u00e2nd, fo\u0219ti elevi ai liceului, \u00een prezent studen\u021bi la universit\u0103\u021bi de prestigiu din \u021bar\u0103 \u0219i din str\u0103in\u0103tate. Ne vom cunoa\u0219te, v\u0103 ve\u021bi cunoa\u0219te noii colegi \u0219i profesori, v\u0103 ve\u021bi integra treptat \u00een via\u021ba \u0219colii noastre \u0219i sper\u0103m c\u0103 ve\u021bi deveni, c\u00e2t de cur\u00e2nd, membrii unei mari familii \u2013<\/h4>\n<h4><strong>FAMILIA CNPR !<\/strong><\/h4>\n<h4><\/h4>\n<h4>V\u0103 a\u0219tept\u0103m cu drag !<\/h4>\n<h4><\/h4>\n<h4>Invita\u021bia este adresat\u0103 bobocilor de clasa a IX-a \u0219i boboceilor din clasa a V-a, admi\u0219i la colegiul nostru, iar participarea la toate activit\u0103\u021bile taberei este gratuit\u0103 !<\/h4>\n<h4>\u00cencep\u00e2nd de ast\u0103zi v\u0103 vom prezenta, pe r\u00e2nd, activit\u0103\u021bile care se vor desf\u0103\u0219ura \u00een cadrul taberei.<\/h4>\n<h4>\u00censcrierea la cursurile \u0219colii de var\u0103 se face o dat\u0103 cu depunerea dosarului de \u00eenscriere la CNPR, \u00een perioada 10 \u2013 13 iulie 2018, pentru elevii claselor a IX-a \u0219i la depunerea dosarului de transfer pentru elevii clasei a V-a.<a href=\"https:\/\/cnprsv.ro\/wp-content\/uploads\/2016\/06\/absolvent8-e1499165255499.jpg\" rel=\"lightbox[8995]\"><img loading=\"lazy\" decoding=\"async\" class=\"alignright size-full wp-image-6852\" src=\"https:\/\/cnprsv.ro\/wp-content\/uploads\/2016\/06\/absolvent8-e1499165255499.jpg\" alt=\"absolvent8\" width=\"100\" height=\"100\" \/><\/a><\/h4>\n","protected":false},"excerpt":{"rendered":"<p>\u00a0\u00a0Dragi viitori boboci \u0219i bobocei \u00a0ai Colegiului Na\u021bional \u201dPetru Rare\u0219\u201d,\u00a0\u00a0 \u00a0 \u00a0 \u00a0 \u00a0\u00a0 Colegiul nostru v\u0103 \u00eent\u00e2mpin\u0103 \u0219i v\u0103 ureaz\u0103 BUN VENIT ! la sf\u00e2r\u0219itul vacan\u021bei, la \u0218coala bobocilor \u0219i boboceilor\u00a0\u2013 a III-a edi\u021bie a taberei de var\u0103, \u00een<\/p>\n<div class=\"entry-read-more\"><a class=\"read-more-link\" href=\"https:\/\/cnprsv.ro\/?p=8995\">Read More<span class=\"cleanwp-sr-only\">  \u0218COALA BOBOCILOR \u0218I BOBOCEEILOR<\/span><\/a><\/div>\n","protected":false},"author":1,"featured_media":0,"comment_status":"closed","ping_status":"open","sticky":false,"template":"","format":"standard","meta":{"_editorskit_title_hidden":false,"_editorskit_reading_time":0,"_editorskit_is_block_options_detached":false,"_editorskit_block_options_position":"{}","footnotes":""},"categories":[1],"tags":[],"class_list":["post-8995","post","type-post","status-publish","format-standard","hentry","category-uncategorized","wpcat-1-id"],"_links":{"self":[{"href":"https:\/\/cnprsv.ro\/index.php?rest_route=\/wp\/v2\/posts\/8995","targetHints":{"allow":["GET"]}}],"collection":[{"href":"https:\/\/cnprsv.ro\/index.php?rest_route=\/wp\/v2\/posts"}],"about":[{"href":"https:\/\/cnprsv.ro\/index.php?rest_route=\/wp\/v2\/types\/post"}],"author":[{"embeddable":true,"href":"https:\/\/cnprsv.ro\/index.php?rest_route=\/wp\/v2\/users\/1"}],"replies":[{"embeddable":true,"href":"https:\/\/cnprsv.ro\/index.php?rest_route=%2Fwp%2Fv2%2Fcomments&post=8995"}],"version-history":[{"count":1,"href":"https:\/\/cnprsv.ro\/index.php?rest_route=\/wp\/v2\/posts\/8995\/revisions"}],"predecessor-version":[{"id":8996,"href":"https:\/\/cnprsv.ro\/index.php?rest_route=\/wp\/v2\/posts\/8995\/revisions\/8996"}],"wp:attachment":[{"href":"https:\/\/cnprsv.ro\/index.php?rest_route=%2Fwp%2Fv2%2Fmedia&parent=8995"}],"wp:term":[{"taxonomy":"category","embeddable":true,"href":"https:\/\/cnprsv.ro\/index.php?rest_route=%2Fwp%2Fv2%2Fcategories&post=8995"},{"taxonomy":"post_tag","embeddable":true,"href":"https:\/\/cnprsv.ro\/index.php?rest_route=%2Fwp%2Fv2%2Ftags&post=8995"}],"curies":[{"name":"wp","href":"https:\/\/api.w.org\/{rel}","templated":true}]}}