{"id":9045,"date":"2018-09-03T18:19:57","date_gmt":"2018-09-03T16:19:57","guid":{"rendered":"http:\/\/cnprsv.ro\/?p=9045"},"modified":"2024-10-11T15:40:47","modified_gmt":"2024-10-11T13:40:47","slug":"selectie-elevi-pentru-proiectul-international-civic","status":"publish","type":"post","link":"https:\/\/cnprsv.ro\/?p=9045","title":{"rendered":"Selec\u021bie elevi pentru proiectul interna\u021bional CIVIC"},"content":{"rendered":"<p><strong>Selec\u021bia elevilor\u00a0 ambasadori ai CNPR din cadrul proiectului Erasmus+ \u201dCIVIC\u201d<\/strong><\/p>\n<p><strong>\u00a0<\/strong><\/p>\n<p><strong>Vineri, 7.09.2018, ora 9, \u00een cabinetul de limba francez\u0103, va avea loc selec\u021bia elevilor pentru a realiza activit\u0103\u021bi \u00een cadrul proiectului CIVIC (activit\u0103\u021bi locale \u0219i activit\u0103\u021bi \u00een cadrul unei mobilit\u0103\u021bi \u00een Portugalia), un proiect multina\u021bional, care are limba francez\u0103 ca limb\u0103 de comunicare. Adresabilitatea este pentru elevii claselor bilingve de francez\u0103. Grupa de v\u00e2rst\u0103 a elevilor &#8211; 15-17 ani. <\/strong><\/p>\n<p><strong>Proba de selec\u021bie va consta din completarea unui test de evaluare a competen\u021belor civice, de comunicare \u00een limba francez\u0103 \u0219i de rela\u021bionare in grupuri multina\u021bionale.<\/strong><\/p>\n<p>Vor fi selecta\u021bi 3 elevi titulari \u0219i doi elevi rezerv\u0103.<\/p>\n<p>Recomand\u0103ri pentru elevii care vor s\u0103 se \u00eenscrie la concursul de selec\u021bie: Citi\u021bi \u00a0informa\u021bii despre Uniunea European\u0103, organisme, atribu\u021bii, valori comune europene, drepturi \u0219i obliga\u021bii cet\u0103\u021bene\u0219ti, educa\u021bia ecologic\u0103, amprenta ecologic\u0103 etc.<\/p>\n<p>Elevii vor veni la selec\u021bie av\u00e2nd asupra lor o copie dup\u0103 buletin \u0219i un acord scris din partea p\u0103rin\u021bilor din care s\u0103 reias\u0103 c\u0103 ace\u0219tia sunt de acord cu participarea copiilor lor la activit\u0103\u021bile de proiect.<\/p>\n<p><a href=\"https:\/\/cnprsv.ro\/wp-content\/uploads\/2017\/10\/sigla-cnpr-proiecte.jpg\" rel=\"lightbox[9045]\"><img loading=\"lazy\" decoding=\"async\" class=\"alignright size-full wp-image-8378\" src=\"https:\/\/cnprsv.ro\/wp-content\/uploads\/2017\/10\/sigla-cnpr-proiecte.jpg\" alt=\"sigla cnpr proiecte\" width=\"474\" height=\"340\" srcset=\"https:\/\/cnprsv.ro\/wp-content\/uploads\/2017\/10\/sigla-cnpr-proiecte.jpg 474w, https:\/\/cnprsv.ro\/wp-content\/uploads\/2017\/10\/sigla-cnpr-proiecte-300x215.jpg 300w\" sizes=\"auto, (max-width: 474px) 100vw, 474px\" \/><\/a><\/p>\n","protected":false},"excerpt":{"rendered":"<p>Selec\u021bia elevilor\u00a0 ambasadori ai CNPR din cadrul proiectului Erasmus+ \u201dCIVIC\u201d \u00a0 Vineri, 7.09.2018, ora 9, \u00een cabinetul de limba francez\u0103, va avea loc selec\u021bia elevilor pentru a realiza activit\u0103\u021bi \u00een cadrul proiectului CIVIC (activit\u0103\u021bi locale \u0219i activit\u0103\u021bi \u00een cadrul unei<\/p>\n<div class=\"entry-read-more\"><a class=\"read-more-link\" href=\"https:\/\/cnprsv.ro\/?p=9045\">Read More<span class=\"cleanwp-sr-only\">  Selec\u021bie elevi pentru proiectul interna\u021bional CIVIC<\/span><\/a><\/div>\n","protected":false},"author":1,"featured_media":0,"comment_status":"closed","ping_status":"open","sticky":false,"template":"","format":"standard","meta":{"_editorskit_title_hidden":false,"_editorskit_reading_time":0,"_editorskit_is_block_options_detached":false,"_editorskit_block_options_position":"{}","footnotes":""},"categories":[1],"tags":[],"class_list":["post-9045","post","type-post","status-publish","format-standard","hentry","category-uncategorized","wpcat-1-id"],"_links":{"self":[{"href":"https:\/\/cnprsv.ro\/index.php?rest_route=\/wp\/v2\/posts\/9045","targetHints":{"allow":["GET"]}}],"collection":[{"href":"https:\/\/cnprsv.ro\/index.php?rest_route=\/wp\/v2\/posts"}],"about":[{"href":"https:\/\/cnprsv.ro\/index.php?rest_route=\/wp\/v2\/types\/post"}],"author":[{"embeddable":true,"href":"https:\/\/cnprsv.ro\/index.php?rest_route=\/wp\/v2\/users\/1"}],"replies":[{"embeddable":true,"href":"https:\/\/cnprsv.ro\/index.php?rest_route=%2Fwp%2Fv2%2Fcomments&post=9045"}],"version-history":[{"count":1,"href":"https:\/\/cnprsv.ro\/index.php?rest_route=\/wp\/v2\/posts\/9045\/revisions"}],"predecessor-version":[{"id":9046,"href":"https:\/\/cnprsv.ro\/index.php?rest_route=\/wp\/v2\/posts\/9045\/revisions\/9046"}],"wp:attachment":[{"href":"https:\/\/cnprsv.ro\/index.php?rest_route=%2Fwp%2Fv2%2Fmedia&parent=9045"}],"wp:term":[{"taxonomy":"category","embeddable":true,"href":"https:\/\/cnprsv.ro\/index.php?rest_route=%2Fwp%2Fv2%2Fcategories&post=9045"},{"taxonomy":"post_tag","embeddable":true,"href":"https:\/\/cnprsv.ro\/index.php?rest_route=%2Fwp%2Fv2%2Ftags&post=9045"}],"curies":[{"name":"wp","href":"https:\/\/api.w.org\/{rel}","templated":true}]}}