{"id":9047,"date":"2018-09-03T18:26:56","date_gmt":"2018-09-03T16:26:56","guid":{"rendered":"http:\/\/cnprsv.ro\/?p=9047"},"modified":"2024-10-11T15:40:47","modified_gmt":"2024-10-11T13:40:47","slug":"selectie-elevi-francofoni-pentru-mobilitate-in-franta","status":"publish","type":"post","link":"https:\/\/cnprsv.ro\/?p=9047","title":{"rendered":"Selec\u021bie elevi francofoni pentru mobilitate \u00een Fran\u021ba"},"content":{"rendered":"<p><strong>COLEGIUL NA\u021aIONAL <em>PETRU RARE\u0218<\/em>\u00a0SUCEAVA<img loading=\"lazy\" decoding=\"async\" class=\"alignright wp-image-8378\" src=\"https:\/\/cnprsv.ro\/wp-content\/uploads\/2017\/10\/sigla-cnpr-proiecte.jpg\" alt=\"sigla cnpr proiecte\" width=\"231\" height=\"166\" srcset=\"https:\/\/cnprsv.ro\/wp-content\/uploads\/2017\/10\/sigla-cnpr-proiecte.jpg 474w, https:\/\/cnprsv.ro\/wp-content\/uploads\/2017\/10\/sigla-cnpr-proiecte-300x215.jpg 300w\" sizes=\"auto, (max-width: 231px) 100vw, 231px\" \/><\/strong><\/p>\n<p><strong>\u00a0organizeaz\u0103<\/strong><\/p>\n<p><strong>selec\u021bia unui num\u0103r de cinci elevi \u00a0(4 fete \u0219i un b\u0103iat) \u00een vederea particip\u0103rii la o<\/strong><\/p>\n<p><strong>mobilitate de o lun\u0103 la liceul \u201dJean Bart\u201d din localitatea Dunkerque, Fran\u021ba, pentru elevii francofoni din clasa a X-a\u00a0\u0219i a XI-a profil real, \u00een cadrul proiectului EUROKEYS<\/strong><\/p>\n<p>&nbsp;<\/p>\n<p><strong>Condi\u021bii<\/strong><\/p>\n<ul>\n<li>Elev francofon \u00een clasa a X-a sau a XI-a, profil REAL (XF sau XIF)<\/li>\n<li>Disponibil pentru o mobilitate de o lun\u0103 (ianuarie &#8211; februarie 2019) \u00een Fran\u021ba, la liceul \u201dJean Bart\u201d din Dunkerque, Fran\u021ba, g\u0103zduit \u00een familia corespondentului francez (pe care familia elevului sucevean \u00eel va g\u0103zdui la schimb \u00een noiembrie 2018).<\/li>\n<\/ul>\n<p>Elevul va avea un program\u00a0\u0219colar care va include ore de \u0219tiin\u021be predate in limba francez\u0103, c\u00e2t \u0219i ore de cultur\u0103, limb\u0103, civiliza\u021bie francez\u0103. Va fi o imersiune deplin\u0103 \u00een sistemul de \u00eenv\u0103\u021b\u0103m\u00e2nt francez, \u00een limba \u0219i cultura francez\u0103. Mobilitatea se va realiza pe baza unui protocol \u00eencheiat \u00eentre cele dou\u0103 \u0219coli, ea nefiind de tip ERASMUS.\u00a0 At\u00e2t elevul rom\u00e2n, la \u00eentoarcere din Fran\u021ba, c\u00e2t \u0219i elevul francez, la \u00eentoarcere din Rom\u00e2nia, vor trebui s\u0103 parcurg\u0103 individual materia pierdut\u0103, \u00eens\u0103 datorit\u0103 programelor de vacan\u021b\u0103 \u0219colar\u0103, acest lucru nu este unul dificil. Pe de alt\u0103 parte, experien\u021ba de via\u021b\u0103 a unui schimb \u0219colar de o lun\u0103 de zile poate fi una extrem de bogat\u0103.<\/p>\n<p>&nbsp;<\/p>\n<p><strong>Selec\u021bia va avea loc: vineri, 7 septembrie, ora 9, cabinetul de limba francez\u0103. <\/strong><\/p>\n<p><strong>\u00a0<\/strong><\/p>\n<p>Pentru candidatur\u0103, elevul va avea asupra lui un CV european completat \u00een limba francez\u0103. Selec\u021bia va avea dou\u0103 etape, o etap\u0103 scris\u0103 \u00een limba francez\u0103 \u0219i o etap\u0103 oral\u0103, derulat\u0103 \u00een fa\u021ba unui juriu. \u00a0Rezultatul selec\u021biei se va afi\u0219a \u00een cursul zilei de vineri, 7 septembrie.<\/p>\n<p>&nbsp;<\/p>\n<p>Pentru informa\u021bii suplimentare, legate de istoricul schimburilor de elevi realizate de c\u0103tre liceul francez, se poate parcurge documentul ata\u0219at.<\/p>\n<h4><a href=\"\/documente\/Dossier-Eurokeys-Lyc\u00e9e-1ere-v2 (1).pdf\" target=\"_blank\" rel=\"noopener\">Dossier-Eurokeys-Lyc\u00e9e-1ere-v2<\/a><\/h4>\n<p>&nbsp;<\/p>\n<p>&nbsp;<\/p>\n<p>&nbsp;<\/p>\n<p>&nbsp;<\/p>\n<p>&nbsp;<\/p>\n","protected":false},"excerpt":{"rendered":"<p>COLEGIUL NA\u021aIONAL PETRU RARE\u0218\u00a0SUCEAVA \u00a0organizeaz\u0103 selec\u021bia unui num\u0103r de cinci elevi \u00a0(4 fete \u0219i un b\u0103iat) \u00een vederea particip\u0103rii la o mobilitate de o lun\u0103 la liceul \u201dJean Bart\u201d din localitatea Dunkerque, Fran\u021ba, pentru elevii francofoni din clasa a X-a\u00a0\u0219i<\/p>\n<div class=\"entry-read-more\"><a class=\"read-more-link\" href=\"https:\/\/cnprsv.ro\/?p=9047\">Read More<span class=\"cleanwp-sr-only\">  Selec\u021bie elevi francofoni pentru mobilitate \u00een Fran\u021ba<\/span><\/a><\/div>\n","protected":false},"author":1,"featured_media":0,"comment_status":"closed","ping_status":"open","sticky":false,"template":"","format":"standard","meta":{"_editorskit_title_hidden":false,"_editorskit_reading_time":0,"_editorskit_is_block_options_detached":false,"_editorskit_block_options_position":"{}","footnotes":""},"categories":[1],"tags":[],"class_list":["post-9047","post","type-post","status-publish","format-standard","hentry","category-uncategorized","wpcat-1-id"],"_links":{"self":[{"href":"https:\/\/cnprsv.ro\/index.php?rest_route=\/wp\/v2\/posts\/9047","targetHints":{"allow":["GET"]}}],"collection":[{"href":"https:\/\/cnprsv.ro\/index.php?rest_route=\/wp\/v2\/posts"}],"about":[{"href":"https:\/\/cnprsv.ro\/index.php?rest_route=\/wp\/v2\/types\/post"}],"author":[{"embeddable":true,"href":"https:\/\/cnprsv.ro\/index.php?rest_route=\/wp\/v2\/users\/1"}],"replies":[{"embeddable":true,"href":"https:\/\/cnprsv.ro\/index.php?rest_route=%2Fwp%2Fv2%2Fcomments&post=9047"}],"version-history":[{"count":3,"href":"https:\/\/cnprsv.ro\/index.php?rest_route=\/wp\/v2\/posts\/9047\/revisions"}],"predecessor-version":[{"id":11656,"href":"https:\/\/cnprsv.ro\/index.php?rest_route=\/wp\/v2\/posts\/9047\/revisions\/11656"}],"wp:attachment":[{"href":"https:\/\/cnprsv.ro\/index.php?rest_route=%2Fwp%2Fv2%2Fmedia&parent=9047"}],"wp:term":[{"taxonomy":"category","embeddable":true,"href":"https:\/\/cnprsv.ro\/index.php?rest_route=%2Fwp%2Fv2%2Fcategories&post=9047"},{"taxonomy":"post_tag","embeddable":true,"href":"https:\/\/cnprsv.ro\/index.php?rest_route=%2Fwp%2Fv2%2Ftags&post=9047"}],"curies":[{"name":"wp","href":"https:\/\/api.w.org\/{rel}","templated":true}]}}