{"id":9065,"date":"2018-09-10T10:13:36","date_gmt":"2018-09-10T08:13:36","guid":{"rendered":"http:\/\/cnprsv.ro\/?p=9065"},"modified":"2024-10-11T15:40:47","modified_gmt":"2024-10-11T13:40:47","slug":"selectie-participanti-proiect-international","status":"publish","type":"post","link":"https:\/\/cnprsv.ro\/?p=9065","title":{"rendered":"Selec\u021bie participan\u021bi proiect  interna\u021bional"},"content":{"rendered":"<p>&nbsp;<\/p>\n<p style=\"text-align: center;\"><strong>Anun\u021b <\/strong><\/p>\n<p style=\"text-align: center;\"><strong>\u00a0\u00a0\u00a0\u00a0\u00a0\u00a0\u00a0\u00a0\u00a0\u00a0\u00a0\u00a0\u00a0\u00a0\u00a0\u00a0\u00a0\u00a0\u00a0\u00a0\u00a0\u00a0\u00a0\u00a0\u00a0 selec\u021bie participan\u021bi proiect <em>Youth in Action<\/em> 2018\/2019<\/strong><\/p>\n<p>&nbsp;<\/p>\n<p>Colegiul Na\u021bional \u201dPetru Rare\u0219\u201d anun\u021b\u0103 \u00eenceperea \u00eenscrierilor \u00een vederea constituirii grupului de elevi care doresc s\u0103 participe la proiectul\/mobilitatea de tip <em>Youth in Action<\/em>. Proiectul va fi derulat \u00een perioada 1.oct.2018-31.oct.2019 \u0219i presupune efectuarea de c\u0103tre participan\u021bi a dou\u0103 mobilit\u0103\u021bi:<\/p>\n<ul>\n<li>prima mobilitate va fi \u00een Germania (Otzenhausen), activit\u0103\u021bile seminarului fiind circumscrise urm\u0103toarelor idei: dezvoltare sustenabil\u0103, societate democratic\u0103 \u0219i schimb\u0103ri climatice<strong>;<\/strong><\/li>\n<li>a doua mobilitate va fi \u00een Italia (Modica), activit\u0103\u021bile seminarului fiind circumscrise urm\u0103toarelor idei: dezvoltare personal\u0103, retoric\u0103 \u0219i negociere<strong>.<\/strong><\/li>\n<\/ul>\n<p style=\"text-align: justify;\">Proiectul se adreseaz\u0103 acelor elevi care la data de 01.oct.2018 au \u00eemplinit deja 16 ani \u0219i care nu au efectuat mai mult de patru mobilit\u0103\u021bi \u00een acest proiect.<\/p>\n<p>Exprimarea inten\u021biei de a participa la selec\u021bie se va comunica d-lui prof. Erhan Mihail \u00een zilele de miercuri (12.sep.2018) sau joi (13.sep.2018) \u00eentre orele 12.00-15.00, inten\u021bia voastr\u0103 fiind consemnat\u0103 \u00eentr-un tabel de \u00eenscriere, pe baz\u0103 de semn\u0103tur\u0103. Este necesar\u0103 aceast\u0103 etap\u0103 de pre \u00eenscriere pentru a calcula necesarul de s\u0103li \u0219i subiecte pentru testare.<\/p>\n<p>Testarea candida\u021bilor va fi efectuat\u0103 vineri (14.sep.2018) \u00eencep\u00e2nd cu orele 18.00 la sediul colegiului \u0219i va consta \u00eentr-o prob\u0103 scris\u0103 de writing.<\/p>\n<p>&nbsp;<\/p>\n<p>Coordonatori ai proiectului,<\/p>\n<p>&nbsp;<\/p>\n<p>Prof. Michaella Cornelia Viorica MELINTE<\/p>\n<p>&nbsp;<\/p>\n<p>Prof. Mihail ERHAN<\/p>\n<p>&nbsp;<\/p>\n<p>&nbsp;<\/p>\n<p>&nbsp;<\/p>\n<p>&nbsp;<\/p>\n<p>&nbsp;<\/p>\n<p><a href=\"https:\/\/cnprsv.ro\/wp-content\/uploads\/2017\/10\/sigla-cnpr-proiecte.jpg\" rel=\"lightbox[9065]\"><img loading=\"lazy\" decoding=\"async\" class=\"alignright  wp-image-8378\" src=\"https:\/\/cnprsv.ro\/wp-content\/uploads\/2017\/10\/sigla-cnpr-proiecte.jpg\" alt=\"sigla cnpr proiecte\" width=\"268\" height=\"192\" srcset=\"https:\/\/cnprsv.ro\/wp-content\/uploads\/2017\/10\/sigla-cnpr-proiecte.jpg 474w, https:\/\/cnprsv.ro\/wp-content\/uploads\/2017\/10\/sigla-cnpr-proiecte-300x215.jpg 300w\" sizes=\"auto, (max-width: 268px) 100vw, 268px\" \/><\/a><\/p>\n","protected":false},"excerpt":{"rendered":"<p>&nbsp; Anun\u021b \u00a0\u00a0\u00a0\u00a0\u00a0\u00a0\u00a0\u00a0\u00a0\u00a0\u00a0\u00a0\u00a0\u00a0\u00a0\u00a0\u00a0\u00a0\u00a0\u00a0\u00a0\u00a0\u00a0\u00a0\u00a0 selec\u021bie participan\u021bi proiect Youth in Action 2018\/2019 &nbsp; Colegiul Na\u021bional \u201dPetru Rare\u0219\u201d anun\u021b\u0103 \u00eenceperea \u00eenscrierilor \u00een vederea constituirii grupului de elevi care doresc s\u0103 participe la proiectul\/mobilitatea de tip Youth in Action. Proiectul va fi derulat \u00een<\/p>\n<div class=\"entry-read-more\"><a class=\"read-more-link\" href=\"https:\/\/cnprsv.ro\/?p=9065\">Read More<span class=\"cleanwp-sr-only\">  Selec\u021bie participan\u021bi proiect  interna\u021bional<\/span><\/a><\/div>\n","protected":false},"author":1,"featured_media":0,"comment_status":"closed","ping_status":"open","sticky":false,"template":"","format":"standard","meta":{"_editorskit_title_hidden":false,"_editorskit_reading_time":0,"_editorskit_is_block_options_detached":false,"_editorskit_block_options_position":"{}","footnotes":""},"categories":[1],"tags":[],"class_list":["post-9065","post","type-post","status-publish","format-standard","hentry","category-uncategorized","wpcat-1-id"],"_links":{"self":[{"href":"https:\/\/cnprsv.ro\/index.php?rest_route=\/wp\/v2\/posts\/9065","targetHints":{"allow":["GET"]}}],"collection":[{"href":"https:\/\/cnprsv.ro\/index.php?rest_route=\/wp\/v2\/posts"}],"about":[{"href":"https:\/\/cnprsv.ro\/index.php?rest_route=\/wp\/v2\/types\/post"}],"author":[{"embeddable":true,"href":"https:\/\/cnprsv.ro\/index.php?rest_route=\/wp\/v2\/users\/1"}],"replies":[{"embeddable":true,"href":"https:\/\/cnprsv.ro\/index.php?rest_route=%2Fwp%2Fv2%2Fcomments&post=9065"}],"version-history":[{"count":1,"href":"https:\/\/cnprsv.ro\/index.php?rest_route=\/wp\/v2\/posts\/9065\/revisions"}],"predecessor-version":[{"id":9066,"href":"https:\/\/cnprsv.ro\/index.php?rest_route=\/wp\/v2\/posts\/9065\/revisions\/9066"}],"wp:attachment":[{"href":"https:\/\/cnprsv.ro\/index.php?rest_route=%2Fwp%2Fv2%2Fmedia&parent=9065"}],"wp:term":[{"taxonomy":"category","embeddable":true,"href":"https:\/\/cnprsv.ro\/index.php?rest_route=%2Fwp%2Fv2%2Fcategories&post=9065"},{"taxonomy":"post_tag","embeddable":true,"href":"https:\/\/cnprsv.ro\/index.php?rest_route=%2Fwp%2Fv2%2Ftags&post=9065"}],"curies":[{"name":"wp","href":"https:\/\/api.w.org\/{rel}","templated":true}]}}