{"id":9109,"date":"2018-09-21T17:01:49","date_gmt":"2018-09-21T15:01:49","guid":{"rendered":"http:\/\/cnprsv.ro\/?p=9109"},"modified":"2024-10-11T15:40:47","modified_gmt":"2024-10-11T13:40:47","slug":"de-ce-sa-citesc-2","status":"publish","type":"post","link":"https:\/\/cnprsv.ro\/?p=9109","title":{"rendered":"DE CE (S\u0102) CITESC ?"},"content":{"rendered":"<h3><strong>CONFERIN\u021aA \u0218I DEZBATEREA VOR AVEA LOC \u00ceN AULA COLEGIULUI, LUNI, 24 SEPTEMBRIE, \u00ceNCEP\u00c2ND CU ORA 12.\u00a0<\/strong><\/h3>\n<p>La \u00eenceput de an academic (universitar\/ \u015fcolar), Muzeul Na\u0163ional al Literaturii Rom\u00e2ne \u015fi-a propus s\u0103 mearg\u0103 la \u00eent\u00e2lnire cu tinerii, \u00een licee!<\/p>\n<p>\u25cf Ce propunem? O<span class=\"text_exposed_show\">\u00a0serie de \u00eent\u00e2lniri cu elevii c\u00e2torva institu\u0163ii de \u00eenv\u0103\u0163\u0103m\u00e2nt din \u0163ar\u0103 \u015fi din Bucure\u015fti.<br \/>\n\u25cf Care este scopul? Motivarea cultural\u0103 a acestora.<br \/>\n\u25cf Ce nu vom face? Nu vom \u0163ine moral\u0103, nu vom da sfaturi de via\u0163\u0103, nu vom critica.<br \/>\n\u25cf Ce vom face? Vom oferi 20 de argumente rezonabile \u00een favoarea lecturii.<br \/>\n\u25cf Care este formatul \u00eent\u00e2lnirilor? Argumenta\u0163ie pro-lectur\u0103 40 min.\/ dezbatere 20 min.<br \/>\n\u25cf Cine va vorbi elevilor? Colegul nostru, cercet\u0103tor \u015ftiin\u0163ific Luigi Bambulea.<\/span><\/p>\n<p><a href=\"https:\/\/cnprsv.ro\/wp-content\/uploads\/2018\/09\/Muzeul-Literaturii-Romane.jpg\" rel=\"lightbox[9109]\"><img loading=\"lazy\" decoding=\"async\" class=\"wp-image-9101 aligncenter\" src=\"https:\/\/cnprsv.ro\/wp-content\/uploads\/2018\/09\/Muzeul-Literaturii-Romane.jpg\" alt=\"Muzeul Literaturii Romane\" width=\"599\" height=\"847\" srcset=\"https:\/\/cnprsv.ro\/wp-content\/uploads\/2018\/09\/Muzeul-Literaturii-Romane.jpg 1448w, https:\/\/cnprsv.ro\/wp-content\/uploads\/2018\/09\/Muzeul-Literaturii-Romane-212x300.jpg 212w, https:\/\/cnprsv.ro\/wp-content\/uploads\/2018\/09\/Muzeul-Literaturii-Romane-724x1024.jpg 724w\" sizes=\"auto, (max-width: 599px) 100vw, 599px\" \/><\/a><\/p>\n","protected":false},"excerpt":{"rendered":"<p>CONFERIN\u021aA \u0218I DEZBATEREA VOR AVEA LOC \u00ceN AULA COLEGIULUI, LUNI, 24 SEPTEMBRIE, \u00ceNCEP\u00c2ND CU ORA 12.\u00a0 La \u00eenceput de an academic (universitar\/ \u015fcolar), Muzeul Na\u0163ional al Literaturii Rom\u00e2ne \u015fi-a propus s\u0103 mearg\u0103 la \u00eent\u00e2lnire cu tinerii, \u00een licee! \u25cf Ce<\/p>\n<div class=\"entry-read-more\"><a class=\"read-more-link\" href=\"https:\/\/cnprsv.ro\/?p=9109\">Read More<span class=\"cleanwp-sr-only\">  DE CE (S\u0102) CITESC ?<\/span><\/a><\/div>\n","protected":false},"author":1,"featured_media":0,"comment_status":"closed","ping_status":"open","sticky":false,"template":"","format":"standard","meta":{"_editorskit_title_hidden":false,"_editorskit_reading_time":0,"_editorskit_is_block_options_detached":false,"_editorskit_block_options_position":"{}","footnotes":""},"categories":[1],"tags":[],"class_list":["post-9109","post","type-post","status-publish","format-standard","hentry","category-uncategorized","wpcat-1-id"],"_links":{"self":[{"href":"https:\/\/cnprsv.ro\/index.php?rest_route=\/wp\/v2\/posts\/9109","targetHints":{"allow":["GET"]}}],"collection":[{"href":"https:\/\/cnprsv.ro\/index.php?rest_route=\/wp\/v2\/posts"}],"about":[{"href":"https:\/\/cnprsv.ro\/index.php?rest_route=\/wp\/v2\/types\/post"}],"author":[{"embeddable":true,"href":"https:\/\/cnprsv.ro\/index.php?rest_route=\/wp\/v2\/users\/1"}],"replies":[{"embeddable":true,"href":"https:\/\/cnprsv.ro\/index.php?rest_route=%2Fwp%2Fv2%2Fcomments&post=9109"}],"version-history":[{"count":2,"href":"https:\/\/cnprsv.ro\/index.php?rest_route=\/wp\/v2\/posts\/9109\/revisions"}],"predecessor-version":[{"id":9122,"href":"https:\/\/cnprsv.ro\/index.php?rest_route=\/wp\/v2\/posts\/9109\/revisions\/9122"}],"wp:attachment":[{"href":"https:\/\/cnprsv.ro\/index.php?rest_route=%2Fwp%2Fv2%2Fmedia&parent=9109"}],"wp:term":[{"taxonomy":"category","embeddable":true,"href":"https:\/\/cnprsv.ro\/index.php?rest_route=%2Fwp%2Fv2%2Fcategories&post=9109"},{"taxonomy":"post_tag","embeddable":true,"href":"https:\/\/cnprsv.ro\/index.php?rest_route=%2Fwp%2Fv2%2Ftags&post=9109"}],"curies":[{"name":"wp","href":"https:\/\/api.w.org\/{rel}","templated":true}]}}