{"id":9454,"date":"2022-04-27T08:39:40","date_gmt":"2022-04-27T06:39:40","guid":{"rendered":"https:\/\/cnprsv.ro\/?p=9454"},"modified":"2024-10-11T15:40:33","modified_gmt":"2024-10-11T13:40:33","slug":"sesiunea-de-corigente-an-scolar-2021-2022","status":"publish","type":"post","link":"https:\/\/cnprsv.ro\/?p=9454","title":{"rendered":"SESIUNEA DE CORIGEN\u021aE AN \u0218COLAR 2021-2022"},"content":{"rendered":"\n<p class=\"has-text-align-left has-medium-font-size\">Pentru anul \u0219colar 2021-2022, perioada de desf\u0103\u0219urare a examenelor de corigen\u021b\u0103, stabilite \u00een baza art. 128 din Regulamentul-cadru de organizare \u0219i func\u021bionare a unit\u0103\u021bilor de \u00eenv\u0103\u021b\u0103m\u00e2nt preuniversitar, aprobat prin Ordinul MEN nr. 54471\/2020, cu modific\u0103rile \u0219i complet\u0103rile ulterioare, este 4 &#8211; 15 iulie 2022 pentru toate clasele din \u00eenv\u0103\u021b\u0103m\u00e2ntul primar, gimnazial, liceal \u0219i profesional \u0219i pentru clasele de stagii de preg\u0103tire practic\u0103, \u0219coala postliceal\u0103 \u0219i de mai\u0219tri.<br>Elevii din clasa a VIII-a, care au sus\u021binut \u0219i promovat examenul de corigen\u021b\u0103, se pot \u00eenscrie la admiterea in clasa a IX-a, pe locurile r\u0103mase libere, \u00een a doua etap\u0103 de admitere \u00een \u00eenv\u0103\u021b\u0103m\u00e2ntul liceal, conform calendarului aprobat prin Ordinul ME nr. 5150\/2021, \u00een perioada 1 &#8211; 3 august 2022, \u00een care pot fi repartiza\u021bi \u0219i absolven\u021bii clasei a VIII-a care nu au sus\u021binut Evaluarea Na\u021bional\u0103 respectiv, \u00een etapa a doua de admitere \u00eenv\u0103\u021b\u0103m\u00e2ntul profesional \u0219i \u00eenv\u0103\u021b\u0103m\u00e2ntul profesional dual, conform calendarului aprobat prin Ordinul ME nr.5142\/2021, \u00een perioada 26 &#8211; 28 iulie 2022.<br>Elevii corigen\u021bi care nu s-au prezentat la sesiunea de corigen\u021be din perioada 4 &#8211; 15 iulie 2022 sau nu au promovat examenul de corigen\u021b\u0103, vor fi declara\u021bi repeten\u021bi.<br>Elevii din clasele terminale de liceu, care au sus\u021binut \u0219i promovat examenul de corigen\u021b\u0103, se pot \u00eenscrie pentru examenul de bacalaureat, sesiunea de examen august-septembrie 2O22, \u00een perioada 18 &#8211; 25 iulie 2022, conform OME nr. 5151\/2021.<br>Elevii claselor terminale de liceu, ai \u00eenv\u0103\u021b\u0103m\u00e2ntului profesional \u0219i ai stagiilor de preg\u0103tire practic\u0103 care au promovat examenele de corigen\u021b\u0103 \u00een sesiunea 4 &#8211; 15 iulie 2022, se pot \u00eenscrie la examenul de certificare a competen\u021belor profesionale, sesiunea august-septembrie 2022.<\/p>\n\n\n\n<figure class=\"wp-block-image is-resized is-style-editorskit-circular\"><img loading=\"lazy\" decoding=\"async\" src=\"https:\/\/cnprsv.ro\/wp-content\/uploads\/2022\/03\/Sigla-CNPR-2-scaled.jpg\" alt=\"\" class=\"wp-image-9327\" width=\"315\" height=\"306\" srcset=\"https:\/\/cnprsv.ro\/wp-content\/uploads\/2022\/03\/Sigla-CNPR-2-scaled.jpg 2560w, https:\/\/cnprsv.ro\/wp-content\/uploads\/2022\/03\/Sigla-CNPR-2-300x292.jpg 300w, https:\/\/cnprsv.ro\/wp-content\/uploads\/2022\/03\/Sigla-CNPR-2-1024x995.jpg 1024w, https:\/\/cnprsv.ro\/wp-content\/uploads\/2022\/03\/Sigla-CNPR-2-768x746.jpg 768w, https:\/\/cnprsv.ro\/wp-content\/uploads\/2022\/03\/Sigla-CNPR-2-1536x1493.jpg 1536w, https:\/\/cnprsv.ro\/wp-content\/uploads\/2022\/03\/Sigla-CNPR-2-2048x1990.jpg 2048w\" sizes=\"auto, (max-width: 315px) 100vw, 315px\" \/><\/figure>\n","protected":false},"excerpt":{"rendered":"<p>Pentru anul \u0219colar 2021-2022, perioada de desf\u0103\u0219urare a examenelor de corigen\u021b\u0103, stabilite \u00een baza art. 128 din Regulamentul-cadru de organizare \u0219i func\u021bionare a unit\u0103\u021bilor de \u00eenv\u0103\u021b\u0103m\u00e2nt preuniversitar, aprobat prin Ordinul MEN nr. 54471\/2020, cu modific\u0103rile \u0219i complet\u0103rile ulterioare, este 4<\/p>\n<div class=\"entry-read-more\"><a class=\"read-more-link\" href=\"https:\/\/cnprsv.ro\/?p=9454\">Read More<span class=\"cleanwp-sr-only\">  SESIUNEA DE CORIGEN\u021aE AN \u0218COLAR 2021-2022<\/span><\/a><\/div>\n","protected":false},"author":1,"featured_media":0,"comment_status":"closed","ping_status":"open","sticky":false,"template":"","format":"standard","meta":{"_editorskit_title_hidden":false,"_editorskit_reading_time":1,"_editorskit_is_block_options_detached":false,"_editorskit_block_options_position":"{}","footnotes":""},"categories":[1],"tags":[],"class_list":["post-9454","post","type-post","status-publish","format-standard","hentry","category-uncategorized","wpcat-1-id"],"_links":{"self":[{"href":"https:\/\/cnprsv.ro\/index.php?rest_route=\/wp\/v2\/posts\/9454","targetHints":{"allow":["GET"]}}],"collection":[{"href":"https:\/\/cnprsv.ro\/index.php?rest_route=\/wp\/v2\/posts"}],"about":[{"href":"https:\/\/cnprsv.ro\/index.php?rest_route=\/wp\/v2\/types\/post"}],"author":[{"embeddable":true,"href":"https:\/\/cnprsv.ro\/index.php?rest_route=\/wp\/v2\/users\/1"}],"replies":[{"embeddable":true,"href":"https:\/\/cnprsv.ro\/index.php?rest_route=%2Fwp%2Fv2%2Fcomments&post=9454"}],"version-history":[{"count":3,"href":"https:\/\/cnprsv.ro\/index.php?rest_route=\/wp\/v2\/posts\/9454\/revisions"}],"predecessor-version":[{"id":9457,"href":"https:\/\/cnprsv.ro\/index.php?rest_route=\/wp\/v2\/posts\/9454\/revisions\/9457"}],"wp:attachment":[{"href":"https:\/\/cnprsv.ro\/index.php?rest_route=%2Fwp%2Fv2%2Fmedia&parent=9454"}],"wp:term":[{"taxonomy":"category","embeddable":true,"href":"https:\/\/cnprsv.ro\/index.php?rest_route=%2Fwp%2Fv2%2Fcategories&post=9454"},{"taxonomy":"post_tag","embeddable":true,"href":"https:\/\/cnprsv.ro\/index.php?rest_route=%2Fwp%2Fv2%2Ftags&post=9454"}],"curies":[{"name":"wp","href":"https:\/\/api.w.org\/{rel}","templated":true}]}}